{"id":955,"date":"2022-03-28T23:49:08","date_gmt":"2022-03-28T23:49:08","guid":{"rendered":"https:\/\/incie.org\/latam\/?p=955"},"modified":"2022-03-28T23:49:12","modified_gmt":"2022-03-28T23:49:12","slug":"precio-del-petroleo-al-alza-tras-ataque-a-instalaciones-en-arabia-saudita","status":"publish","type":"post","link":"https:\/\/incie.org\/latam\/precio-del-petroleo-al-alza-tras-ataque-a-instalaciones-en-arabia-saudita\/","title":{"rendered":"Precio del petr\u00f3leo al alza tras ataque a instalaciones en Arabia Saudita"},"content":{"rendered":"\n<p><em>El precio del petr\u00f3leo subi\u00f3 m\u00e1s de uno por ciento este viernes y superaron los 120 d\u00f3lares por barril, debido a un ataque con drones en instalaciones de Arabia Saudita.<\/em><\/p>\n\n\n\n<p><\/p>\n\n\n\n<p>Un grupo de rebeldes yemen\u00edes confirmaron una serie de ataques con drones y misiles en Arabia Saudita, que da\u00f1aron una instalaci\u00f3n de la petrolera Aramco en la ciudad de Yed\u00e1.<\/p>\n\n\n\n<p>El ataque fue una respuesta a la posible liberaci\u00f3n de reservas de petr\u00f3leo por parte de Estados Unidos, seg\u00fan reivindicaron los rebeldes.<\/p>\n\n\n\n<p>En este contexto el precio del petr\u00f3leo experiment\u00f3 un nuevo incremento. Al respecto, Arabia Saud\u00ed dijo que no se responsabilizar\u00e1 de ninguna escasez de suministros de petr\u00f3leo en los mercados mundiales causada por los ataques de los hut\u00edes a sus instalaciones petrol\u00edferas.<\/p>\n\n\n\n<p>Los precios internacionales se elevaron. El referente europeo Brent escal\u00f3 1.62 d\u00f3lares a 120. 65 d\u00f3lares el barril, y el crudo estadunidense West Texas Intermediate (WTI) gan\u00f3 1.56 d\u00f3lares a 113.90 d\u00f3lares.<\/p>\n\n\n\n<p>Por su parte, la mezcla mexicana de exportaci\u00f3n avanz\u00f3 61 centavos y cerr\u00f3 en 110.95 d\u00f3lares el barril, de acuerdo con el precio publicado por Pemex. En la semana, el crudo anot\u00f3 una ganancia de 12.67 d\u00f3lares (12.89 por ciento).<\/p>\n\n\n\n<p>Debido a la invasi\u00f3n de Rusia a Ucrania, los suministros mundiales se han ido interrumpiendo, mientras Rusia recibe cada vez m\u00e1s sanciones internacionales.<\/p>\n","protected":false},"excerpt":{"rendered":"<p>El precio del petr\u00f3leo subi\u00f3 m\u00e1s de uno por ciento\u2026<\/p>\n","protected":false},"author":1,"featured_media":956,"comment_status":"closed","ping_status":"closed","sticky":false,"template":"","format":"standard","meta":{"nf_dc_page":"","om_disable_all_campaigns":false,"_jetpack_memberships_contains_paid_content":false,"footnotes":""},"categories":[8],"tags":[],"class_list":["post-955","post","type-post","status-publish","format-standard","has-post-thumbnail","hentry","category-news"],"yoast_head":"<!-- This site is optimized with the Yoast SEO plugin v27.5 - https:\/\/yoast.com\/product\/yoast-seo-wordpress\/ -->\n<title>Precio del petr\u00f3leo al alza tras ataque a instalaciones en Arabia Saudita - Instituto para la competitividad, Innovaci\u00f3n y Desarrollo Empresarial<\/title>\n<meta name=\"robots\" content=\"index, follow, max-snippet:-1, max-image-preview:large, max-video-preview:-1\" \/>\n<link rel=\"canonical\" href=\"https:\/\/incie.org\/latam\/precio-del-petroleo-al-alza-tras-ataque-a-instalaciones-en-arabia-saudita\/\" \/>\n<meta property=\"og:locale\" content=\"es_ES\" \/>\n<meta property=\"og:type\" content=\"article\" \/>\n<meta property=\"og:title\" content=\"Precio del petr\u00f3leo al alza tras ataque a instalaciones en Arabia Saudita - Instituto para la competitividad, Innovaci\u00f3n y Desarrollo Empresarial\" \/>\n<meta property=\"og:description\" content=\"El precio del petr\u00f3leo subi\u00f3 m\u00e1s de uno por ciento\u2026\" \/>\n<meta property=\"og:url\" content=\"https:\/\/incie.org\/latam\/precio-del-petroleo-al-alza-tras-ataque-a-instalaciones-en-arabia-saudita\/\" \/>\n<meta property=\"og:site_name\" content=\"Instituto para la competitividad, Innovaci\u00f3n y Desarrollo Empresarial\" \/>\n<meta property=\"article:published_time\" content=\"2022-03-28T23:49:08+00:00\" \/>\n<meta property=\"article:modified_time\" content=\"2022-03-28T23:49:12+00:00\" \/>\n<meta property=\"og:image\" content=\"https:\/\/incie.org\/latam\/wp-content\/uploads\/2022\/03\/n002.png\" \/>\n\t<meta property=\"og:image:width\" content=\"720\" \/>\n\t<meta property=\"og:image:height\" content=\"316\" \/>\n\t<meta property=\"og:image:type\" content=\"image\/png\" \/>\n<meta name=\"author\" content=\"INCIE\" \/>\n<meta name=\"twitter:card\" content=\"summary_large_image\" \/>\n<meta name=\"twitter:label1\" content=\"Escrito por\" \/>\n\t<meta name=\"twitter:data1\" content=\"INCIE\" \/>\n\t<meta name=\"twitter:label2\" content=\"Tiempo de lectura\" \/>\n\t<meta name=\"twitter:data2\" content=\"2 minutos\" \/>\n<script type=\"application\/ld+json\" class=\"yoast-schema-graph\">{\"@context\":\"https:\\\/\\\/schema.org\",\"@graph\":[{\"@type\":\"Article\",\"@id\":\"https:\\\/\\\/incie.org\\\/latam\\\/precio-del-petroleo-al-alza-tras-ataque-a-instalaciones-en-arabia-saudita\\\/#article\",\"isPartOf\":{\"@id\":\"https:\\\/\\\/incie.org\\\/latam\\\/precio-del-petroleo-al-alza-tras-ataque-a-instalaciones-en-arabia-saudita\\\/\"},\"author\":{\"name\":\"INCIE\",\"@id\":\"https:\\\/\\\/incie.org\\\/latam\\\/#\\\/schema\\\/person\\\/e9139cdf7139a97e03d7cea281ff8c84\"},\"headline\":\"Precio del petr\u00f3leo al alza tras ataque a instalaciones en Arabia Saudita\",\"datePublished\":\"2022-03-28T23:49:08+00:00\",\"dateModified\":\"2022-03-28T23:49:12+00:00\",\"mainEntityOfPage\":{\"@id\":\"https:\\\/\\\/incie.org\\\/latam\\\/precio-del-petroleo-al-alza-tras-ataque-a-instalaciones-en-arabia-saudita\\\/\"},\"wordCount\":244,\"publisher\":{\"@id\":\"https:\\\/\\\/incie.org\\\/latam\\\/#organization\"},\"image\":{\"@id\":\"https:\\\/\\\/incie.org\\\/latam\\\/precio-del-petroleo-al-alza-tras-ataque-a-instalaciones-en-arabia-saudita\\\/#primaryimage\"},\"thumbnailUrl\":\"https:\\\/\\\/i0.wp.com\\\/incie.org\\\/latam\\\/wp-content\\\/uploads\\\/2022\\\/03\\\/n002.png?fit=720%2C316&ssl=1\",\"articleSection\":[\"Noticias\"],\"inLanguage\":\"es\"},{\"@type\":\"WebPage\",\"@id\":\"https:\\\/\\\/incie.org\\\/latam\\\/precio-del-petroleo-al-alza-tras-ataque-a-instalaciones-en-arabia-saudita\\\/\",\"url\":\"https:\\\/\\\/incie.org\\\/latam\\\/precio-del-petroleo-al-alza-tras-ataque-a-instalaciones-en-arabia-saudita\\\/\",\"name\":\"Precio del petr\u00f3leo al alza tras ataque a instalaciones en Arabia Saudita - Instituto para la competitividad, Innovaci\u00f3n y Desarrollo Empresarial\",\"isPartOf\":{\"@id\":\"https:\\\/\\\/incie.org\\\/latam\\\/#website\"},\"primaryImageOfPage\":{\"@id\":\"https:\\\/\\\/incie.org\\\/latam\\\/precio-del-petroleo-al-alza-tras-ataque-a-instalaciones-en-arabia-saudita\\\/#primaryimage\"},\"image\":{\"@id\":\"https:\\\/\\\/incie.org\\\/latam\\\/precio-del-petroleo-al-alza-tras-ataque-a-instalaciones-en-arabia-saudita\\\/#primaryimage\"},\"thumbnailUrl\":\"https:\\\/\\\/i0.wp.com\\\/incie.org\\\/latam\\\/wp-content\\\/uploads\\\/2022\\\/03\\\/n002.png?fit=720%2C316&ssl=1\",\"datePublished\":\"2022-03-28T23:49:08+00:00\",\"dateModified\":\"2022-03-28T23:49:12+00:00\",\"breadcrumb\":{\"@id\":\"https:\\\/\\\/incie.org\\\/latam\\\/precio-del-petroleo-al-alza-tras-ataque-a-instalaciones-en-arabia-saudita\\\/#breadcrumb\"},\"inLanguage\":\"es\",\"potentialAction\":[{\"@type\":\"ReadAction\",\"target\":[\"https:\\\/\\\/incie.org\\\/latam\\\/precio-del-petroleo-al-alza-tras-ataque-a-instalaciones-en-arabia-saudita\\\/\"]}]},{\"@type\":\"ImageObject\",\"inLanguage\":\"es\",\"@id\":\"https:\\\/\\\/incie.org\\\/latam\\\/precio-del-petroleo-al-alza-tras-ataque-a-instalaciones-en-arabia-saudita\\\/#primaryimage\",\"url\":\"https:\\\/\\\/i0.wp.com\\\/incie.org\\\/latam\\\/wp-content\\\/uploads\\\/2022\\\/03\\\/n002.png?fit=720%2C316&ssl=1\",\"contentUrl\":\"https:\\\/\\\/i0.wp.com\\\/incie.org\\\/latam\\\/wp-content\\\/uploads\\\/2022\\\/03\\\/n002.png?fit=720%2C316&ssl=1\",\"width\":720,\"height\":316},{\"@type\":\"BreadcrumbList\",\"@id\":\"https:\\\/\\\/incie.org\\\/latam\\\/precio-del-petroleo-al-alza-tras-ataque-a-instalaciones-en-arabia-saudita\\\/#breadcrumb\",\"itemListElement\":[{\"@type\":\"ListItem\",\"position\":1,\"name\":\"Home\",\"item\":\"https:\\\/\\\/incie.org\\\/latam\\\/\"},{\"@type\":\"ListItem\",\"position\":2,\"name\":\"Precio del petr\u00f3leo al alza tras ataque a instalaciones en Arabia Saudita\"}]},{\"@type\":\"WebSite\",\"@id\":\"https:\\\/\\\/incie.org\\\/latam\\\/#website\",\"url\":\"https:\\\/\\\/incie.org\\\/latam\\\/\",\"name\":\"Instituto para la competitividad, Innovaci\u00f3n y Desarrollo Empresarial\",\"description\":\"\",\"publisher\":{\"@id\":\"https:\\\/\\\/incie.org\\\/latam\\\/#organization\"},\"potentialAction\":[{\"@type\":\"SearchAction\",\"target\":{\"@type\":\"EntryPoint\",\"urlTemplate\":\"https:\\\/\\\/incie.org\\\/latam\\\/?s={search_term_string}\"},\"query-input\":{\"@type\":\"PropertyValueSpecification\",\"valueRequired\":true,\"valueName\":\"search_term_string\"}}],\"inLanguage\":\"es\"},{\"@type\":\"Organization\",\"@id\":\"https:\\\/\\\/incie.org\\\/latam\\\/#organization\",\"name\":\"Instituto para la competitividad, Innovaci\u00f3n y Desarrollo Empresarial\",\"url\":\"https:\\\/\\\/incie.org\\\/latam\\\/\",\"logo\":{\"@type\":\"ImageObject\",\"inLanguage\":\"es\",\"@id\":\"https:\\\/\\\/incie.org\\\/latam\\\/#\\\/schema\\\/logo\\\/image\\\/\",\"url\":\"https:\\\/\\\/i0.wp.com\\\/incie.org\\\/latam\\\/wp-content\\\/uploads\\\/2025\\\/12\\\/cropped-LOGOO-INCIE-AZUL-01-P.png?fit=185%2C45&ssl=1\",\"contentUrl\":\"https:\\\/\\\/i0.wp.com\\\/incie.org\\\/latam\\\/wp-content\\\/uploads\\\/2025\\\/12\\\/cropped-LOGOO-INCIE-AZUL-01-P.png?fit=185%2C45&ssl=1\",\"width\":185,\"height\":45,\"caption\":\"Instituto para la competitividad, Innovaci\u00f3n y Desarrollo Empresarial\"},\"image\":{\"@id\":\"https:\\\/\\\/incie.org\\\/latam\\\/#\\\/schema\\\/logo\\\/image\\\/\"}},{\"@type\":\"Person\",\"@id\":\"https:\\\/\\\/incie.org\\\/latam\\\/#\\\/schema\\\/person\\\/e9139cdf7139a97e03d7cea281ff8c84\",\"name\":\"INCIE\",\"image\":{\"@type\":\"ImageObject\",\"inLanguage\":\"es\",\"@id\":\"https:\\\/\\\/secure.gravatar.com\\\/avatar\\\/d75ba7229f3760c205c8944c98205e61cd3ca6979667021fb642852fee0e6323?s=96&d=mm&r=g\",\"url\":\"https:\\\/\\\/secure.gravatar.com\\\/avatar\\\/d75ba7229f3760c205c8944c98205e61cd3ca6979667021fb642852fee0e6323?s=96&d=mm&r=g\",\"contentUrl\":\"https:\\\/\\\/secure.gravatar.com\\\/avatar\\\/d75ba7229f3760c205c8944c98205e61cd3ca6979667021fb642852fee0e6323?s=96&d=mm&r=g\",\"caption\":\"INCIE\"},\"sameAs\":[\"https:\\\/\\\/incie.org\\\/latam\"],\"url\":\"https:\\\/\\\/incie.org\\\/latam\\\/author\\\/admin21\\\/\"}]}<\/script>\n<!-- \/ Yoast SEO plugin. -->","yoast_head_json":{"title":"Precio del petr\u00f3leo al alza tras ataque a instalaciones en Arabia Saudita - Instituto para la competitividad, Innovaci\u00f3n y Desarrollo Empresarial","robots":{"index":"index","follow":"follow","max-snippet":"max-snippet:-1","max-image-preview":"max-image-preview:large","max-video-preview":"max-video-preview:-1"},"canonical":"https:\/\/incie.org\/latam\/precio-del-petroleo-al-alza-tras-ataque-a-instalaciones-en-arabia-saudita\/","og_locale":"es_ES","og_type":"article","og_title":"Precio del petr\u00f3leo al alza tras ataque a instalaciones en Arabia Saudita - Instituto para la competitividad, Innovaci\u00f3n y Desarrollo Empresarial","og_description":"El precio del petr\u00f3leo subi\u00f3 m\u00e1s de uno por ciento\u2026","og_url":"https:\/\/incie.org\/latam\/precio-del-petroleo-al-alza-tras-ataque-a-instalaciones-en-arabia-saudita\/","og_site_name":"Instituto para la competitividad, Innovaci\u00f3n y Desarrollo Empresarial","article_published_time":"2022-03-28T23:49:08+00:00","article_modified_time":"2022-03-28T23:49:12+00:00","og_image":[{"width":720,"height":316,"url":"https:\/\/incie.org\/latam\/wp-content\/uploads\/2022\/03\/n002.png","type":"image\/png"}],"author":"INCIE","twitter_card":"summary_large_image","twitter_misc":{"Escrito por":"INCIE","Tiempo de lectura":"2 minutos"},"schema":{"@context":"https:\/\/schema.org","@graph":[{"@type":"Article","@id":"https:\/\/incie.org\/latam\/precio-del-petroleo-al-alza-tras-ataque-a-instalaciones-en-arabia-saudita\/#article","isPartOf":{"@id":"https:\/\/incie.org\/latam\/precio-del-petroleo-al-alza-tras-ataque-a-instalaciones-en-arabia-saudita\/"},"author":{"name":"INCIE","@id":"https:\/\/incie.org\/latam\/#\/schema\/person\/e9139cdf7139a97e03d7cea281ff8c84"},"headline":"Precio del petr\u00f3leo al alza tras ataque a instalaciones en Arabia Saudita","datePublished":"2022-03-28T23:49:08+00:00","dateModified":"2022-03-28T23:49:12+00:00","mainEntityOfPage":{"@id":"https:\/\/incie.org\/latam\/precio-del-petroleo-al-alza-tras-ataque-a-instalaciones-en-arabia-saudita\/"},"wordCount":244,"publisher":{"@id":"https:\/\/incie.org\/latam\/#organization"},"image":{"@id":"https:\/\/incie.org\/latam\/precio-del-petroleo-al-alza-tras-ataque-a-instalaciones-en-arabia-saudita\/#primaryimage"},"thumbnailUrl":"https:\/\/i0.wp.com\/incie.org\/latam\/wp-content\/uploads\/2022\/03\/n002.png?fit=720%2C316&ssl=1","articleSection":["Noticias"],"inLanguage":"es"},{"@type":"WebPage","@id":"https:\/\/incie.org\/latam\/precio-del-petroleo-al-alza-tras-ataque-a-instalaciones-en-arabia-saudita\/","url":"https:\/\/incie.org\/latam\/precio-del-petroleo-al-alza-tras-ataque-a-instalaciones-en-arabia-saudita\/","name":"Precio del petr\u00f3leo al alza tras ataque a instalaciones en Arabia Saudita - Instituto para la competitividad, Innovaci\u00f3n y Desarrollo Empresarial","isPartOf":{"@id":"https:\/\/incie.org\/latam\/#website"},"primaryImageOfPage":{"@id":"https:\/\/incie.org\/latam\/precio-del-petroleo-al-alza-tras-ataque-a-instalaciones-en-arabia-saudita\/#primaryimage"},"image":{"@id":"https:\/\/incie.org\/latam\/precio-del-petroleo-al-alza-tras-ataque-a-instalaciones-en-arabia-saudita\/#primaryimage"},"thumbnailUrl":"https:\/\/i0.wp.com\/incie.org\/latam\/wp-content\/uploads\/2022\/03\/n002.png?fit=720%2C316&ssl=1","datePublished":"2022-03-28T23:49:08+00:00","dateModified":"2022-03-28T23:49:12+00:00","breadcrumb":{"@id":"https:\/\/incie.org\/latam\/precio-del-petroleo-al-alza-tras-ataque-a-instalaciones-en-arabia-saudita\/#breadcrumb"},"inLanguage":"es","potentialAction":[{"@type":"ReadAction","target":["https:\/\/incie.org\/latam\/precio-del-petroleo-al-alza-tras-ataque-a-instalaciones-en-arabia-saudita\/"]}]},{"@type":"ImageObject","inLanguage":"es","@id":"https:\/\/incie.org\/latam\/precio-del-petroleo-al-alza-tras-ataque-a-instalaciones-en-arabia-saudita\/#primaryimage","url":"https:\/\/i0.wp.com\/incie.org\/latam\/wp-content\/uploads\/2022\/03\/n002.png?fit=720%2C316&ssl=1","contentUrl":"https:\/\/i0.wp.com\/incie.org\/latam\/wp-content\/uploads\/2022\/03\/n002.png?fit=720%2C316&ssl=1","width":720,"height":316},{"@type":"BreadcrumbList","@id":"https:\/\/incie.org\/latam\/precio-del-petroleo-al-alza-tras-ataque-a-instalaciones-en-arabia-saudita\/#breadcrumb","itemListElement":[{"@type":"ListItem","position":1,"name":"Home","item":"https:\/\/incie.org\/latam\/"},{"@type":"ListItem","position":2,"name":"Precio del petr\u00f3leo al alza tras ataque a instalaciones en Arabia Saudita"}]},{"@type":"WebSite","@id":"https:\/\/incie.org\/latam\/#website","url":"https:\/\/incie.org\/latam\/","name":"Instituto para la competitividad, Innovaci\u00f3n y Desarrollo Empresarial","description":"","publisher":{"@id":"https:\/\/incie.org\/latam\/#organization"},"potentialAction":[{"@type":"SearchAction","target":{"@type":"EntryPoint","urlTemplate":"https:\/\/incie.org\/latam\/?s={search_term_string}"},"query-input":{"@type":"PropertyValueSpecification","valueRequired":true,"valueName":"search_term_string"}}],"inLanguage":"es"},{"@type":"Organization","@id":"https:\/\/incie.org\/latam\/#organization","name":"Instituto para la competitividad, Innovaci\u00f3n y Desarrollo Empresarial","url":"https:\/\/incie.org\/latam\/","logo":{"@type":"ImageObject","inLanguage":"es","@id":"https:\/\/incie.org\/latam\/#\/schema\/logo\/image\/","url":"https:\/\/i0.wp.com\/incie.org\/latam\/wp-content\/uploads\/2025\/12\/cropped-LOGOO-INCIE-AZUL-01-P.png?fit=185%2C45&ssl=1","contentUrl":"https:\/\/i0.wp.com\/incie.org\/latam\/wp-content\/uploads\/2025\/12\/cropped-LOGOO-INCIE-AZUL-01-P.png?fit=185%2C45&ssl=1","width":185,"height":45,"caption":"Instituto para la competitividad, Innovaci\u00f3n y Desarrollo Empresarial"},"image":{"@id":"https:\/\/incie.org\/latam\/#\/schema\/logo\/image\/"}},{"@type":"Person","@id":"https:\/\/incie.org\/latam\/#\/schema\/person\/e9139cdf7139a97e03d7cea281ff8c84","name":"INCIE","image":{"@type":"ImageObject","inLanguage":"es","@id":"https:\/\/secure.gravatar.com\/avatar\/d75ba7229f3760c205c8944c98205e61cd3ca6979667021fb642852fee0e6323?s=96&d=mm&r=g","url":"https:\/\/secure.gravatar.com\/avatar\/d75ba7229f3760c205c8944c98205e61cd3ca6979667021fb642852fee0e6323?s=96&d=mm&r=g","contentUrl":"https:\/\/secure.gravatar.com\/avatar\/d75ba7229f3760c205c8944c98205e61cd3ca6979667021fb642852fee0e6323?s=96&d=mm&r=g","caption":"INCIE"},"sameAs":["https:\/\/incie.org\/latam"],"url":"https:\/\/incie.org\/latam\/author\/admin21\/"}]}},"jetpack_featured_media_url":"https:\/\/i0.wp.com\/incie.org\/latam\/wp-content\/uploads\/2022\/03\/n002.png?fit=720%2C316&ssl=1","jetpack_sharing_enabled":true,"_links":{"self":[{"href":"https:\/\/incie.org\/latam\/wp-json\/wp\/v2\/posts\/955","targetHints":{"allow":["GET"]}}],"collection":[{"href":"https:\/\/incie.org\/latam\/wp-json\/wp\/v2\/posts"}],"about":[{"href":"https:\/\/incie.org\/latam\/wp-json\/wp\/v2\/types\/post"}],"author":[{"embeddable":true,"href":"https:\/\/incie.org\/latam\/wp-json\/wp\/v2\/users\/1"}],"replies":[{"embeddable":true,"href":"https:\/\/incie.org\/latam\/wp-json\/wp\/v2\/comments?post=955"}],"version-history":[{"count":1,"href":"https:\/\/incie.org\/latam\/wp-json\/wp\/v2\/posts\/955\/revisions"}],"predecessor-version":[{"id":957,"href":"https:\/\/incie.org\/latam\/wp-json\/wp\/v2\/posts\/955\/revisions\/957"}],"wp:featuredmedia":[{"embeddable":true,"href":"https:\/\/incie.org\/latam\/wp-json\/wp\/v2\/media\/956"}],"wp:attachment":[{"href":"https:\/\/incie.org\/latam\/wp-json\/wp\/v2\/media?parent=955"}],"wp:term":[{"taxonomy":"category","embeddable":true,"href":"https:\/\/incie.org\/latam\/wp-json\/wp\/v2\/categories?post=955"},{"taxonomy":"post_tag","embeddable":true,"href":"https:\/\/incie.org\/latam\/wp-json\/wp\/v2\/tags?post=955"}],"curies":[{"name":"wp","href":"https:\/\/api.w.org\/{rel}","templated":true}]}}