{"id":938,"date":"2022-03-28T16:42:21","date_gmt":"2022-03-28T16:42:21","guid":{"rendered":"https:\/\/incie.org\/latam\/?p=938"},"modified":"2022-03-28T16:42:26","modified_gmt":"2022-03-28T16:42:26","slug":"joe-biden-lanza-un-plan-de-us58-billones-con-un-aumento-record-de-los-impuestos","status":"publish","type":"post","link":"https:\/\/incie.org\/latam\/joe-biden-lanza-un-plan-de-us58-billones-con-un-aumento-record-de-los-impuestos\/","title":{"rendered":"Joe Biden lanza un plan de US$5,8 billones con un aumento r\u00e9cord de los impuestos"},"content":{"rendered":"\n<h2 class=\"wp-block-heading\">El presupuesto para 2023 exige US$1,598 billones en los llamados gastos discrecionales, \u00e1reas que no est\u00e1n vinculadas con programas obligatorios como el Seguro Social, Bloomberg<\/h2>\n\n\n\n<p>El presidente Joe Biden dio a conocer el lunes una solicitud de presupuesto de US$5,8 billones dise\u00f1ada para apaciguar a los dem\u00f3cratas moderados, con una propuesta que enfatiza la reducci\u00f3n del d\u00e9ficit, financiamiento adicional para la polic\u00eda y los veteranos, y flexibilidad para negociar nuevos programas de gasto social.<\/p>\n\n\n\n<p>Hist\u00f3ricamente, el Congreso deja de lado los presupuestos presidenciales, pero forman un dispositivo de mensajer\u00eda clave. La Casa Blanca incluy\u00f3 medidas que se sumar\u00edan al mayor aumento de impuestos en la historia en t\u00e9rminos de d\u00f3lares, lo que ayudar\u00eda a estabilizar los d\u00e9ficits en relaci\u00f3n con el tama\u00f1o de la econom\u00eda.<\/p>\n\n\n\n<p>El presupuesto para 2023 exige US$1,598 billones en los llamados gastos discrecionales, \u00e1reas que no est\u00e1n vinculadas con programas obligatorios como el Seguro Social, con US$813.000 millones para programas relacionados con la defensa y US$769.000 millones para gastos dom\u00e9sticos.<\/p>\n\n\n\n<p>Eso marca un aumento de 5,7% del proyecto de ley de gastos generales para el a\u00f1o fiscal 2022 que Biden firm\u00f3 a principios de este mes. El presupuesto reducir\u00eda el gasto deficitario en US$1 bill\u00f3n durante la pr\u00f3xima d\u00e9cada, impulsado por la eliminaci\u00f3n de los programas de asistencia pand\u00e9mica.<\/p>\n\n\n\n<p>\u201cGastamos menos dinero que la \u00faltima administraci\u00f3n y obtuvimos mejores resultados: un fuerte crecimiento econ\u00f3mico, que aument\u00f3 los ingresos y nos permiti\u00f3 reducir responsablemente los gastos de emergencia\u201d, dijo Biden en un comunicado. \u201cMi presupuesto continuar\u00e1 ese progreso, reduciendo a\u00fan m\u00e1s el d\u00e9ficit al continuar apoyando el crecimiento econ\u00f3mico que ha aumentado los ingresos y garantizar que los multimillonarios y las grandes corporaciones paguen su parte justa\u201d.<\/p>\n\n\n\n<p>El presidente tambi\u00e9n eludi\u00f3 las fr\u00e1giles negociaciones sobre los remanentes de su agenda &#8220;Reconstruir mejor&#8221;, poniendo solo cifras de marcador de posici\u00f3n en el documento en lo que los funcionarios de la Casa Blanca reconocieron como un esfuerzo por dar a los legisladores espacio para negociar.<\/p>\n\n\n\n<p>La esperanza en la Casa Blanca es que el documento del lunes pueda impulsar las negociaciones con legisladores como los senadores Joe Manchin de West Virginia y Kyrsten Sinema de Arizona, quienes han expresado su preocupaci\u00f3n por los niveles hist\u00f3ricos de gasto y la inflaci\u00f3n.<\/p>\n\n\n\n<p>Aqu\u00ed hay algunos puntos clave:<\/p>\n\n\n\n<p><strong>Supuestos econ\u00f3micos<\/strong><\/p>\n\n\n\n<p>Las previsiones presupuestarias de Biden se prepararon en noviembre, antes del \u00faltimo aumento de la inflaci\u00f3n. El crecimiento econ\u00f3mico est\u00e1 fijado en 3,8% este a\u00f1o, y se desacelerar\u00e1 hacia 2% durante la pr\u00f3xima d\u00e9cada. Supone que los precios al consumidor aumentar\u00e1n un 4,7 % este a\u00f1o, con una inflaci\u00f3n que bajar\u00e1 al 2,3 % en 2023 a medida que disminuyan las interrupciones de la cadena de suministro.<\/p>\n\n\n\n<p>Los pron\u00f3sticos parecen poco realistas en relaci\u00f3n con las proyecciones de crecimiento e inflaci\u00f3n del sector privado. Sin embargo, los funcionarios de la Casa Blanca dijeron que los aumentos m\u00e1s altos de los precios al consumidor no deber\u00edan tener un gran impacto en las expectativas de d\u00e9ficit, dado que los ingresos tambi\u00e9n ser\u00edan m\u00e1s altos.<\/p>\n\n\n\n<p><strong>Programas de Impuestos<\/strong><\/p>\n\n\n\n<p>Biden est\u00e1 pidiendo m\u00e1s de US$2,5 billones en aumentos de impuestos para las corporaciones ricas y grandes durante una d\u00e9cada, adem\u00e1s de los casi US$1,5 billones de aumentos incluidos en la versi\u00f3n de la C\u00e1mara del plan Build Back Better.<\/p>\n\n\n\n<p>La propuesta agrega un impuesto m\u00ednimo del 20% sobre las ganancias de capital no realizadas para los hogares con un valor de al menos US$100 millones, una victoria pol\u00edtica para los progresistas que han estado presionando a Biden para que apunte a los mega ricos. El plan omiti\u00f3 una controvertida propuesta de informes bancarios del a\u00f1o pasado que permitir\u00eda a las instituciones financieras compartir informaci\u00f3n de cuentas con el IRS.<\/p>\n\n\n\n<p>Si se promulga en su totalidad, el plan de este a\u00f1o ser\u00eda el aumento de impuestos m\u00e1s grande de la historia, pero incluye varios aumentos importantes que ya han sido rechazados por algunos dem\u00f3cratas en el Congreso. Biden volvi\u00f3 a llamar a elevar la tasa corporativa al 28% desde el 21%, y elevar las tasas de los estadounidenses con mayores ingresos al 39,6%, cambios que Sinema ha dicho que no apoyar\u00e1. Los dem\u00f3cratas de la C\u00e1mara tambi\u00e9n se negaron a incluir una versi\u00f3n del impuesto a los multimillonarios en el proyecto de ley de gastos sociales del a\u00f1o pasado.<\/p>\n\n\n\n<p>El presupuesto tambi\u00e9n omiti\u00f3 una propuesta para expandir la deducci\u00f3n federal para impuestos estatales y locales, o SALT. Varios dem\u00f3cratas de la C\u00e1mara han dicho que aumentar el l\u00edmite de US$10,000 en la valiosa exenci\u00f3n fiscal es crucial para asegurar su voto en cualquier legislaci\u00f3n que altere el c\u00f3digo fiscal.<\/p>\n\n\n\n<p><strong>Programas de Defensa<\/strong><\/p>\n\n\n\n<p>Biden est\u00e1 pidiendo US$813.000 millones en gastos totales de defensa para el pr\u00f3ximo a\u00f1o, y la mayor parte de los fondos (US$773.000 millones) se destinar\u00e1n al Pent\u00e1gono en lo que la Casa Blanca describe como \u201cuna de las mayores inversiones en nuestra seguridad nacional en la historia\u201d. .\u201d<\/p>\n\n\n\n<p>La solicitud respalda un aumento salarial de 4,6% para las tropas estadounidenses, un aumento significativo con respecto a a\u00f1os anteriores. La subida salarial para este ejercicio es de 2,7%. La administraci\u00f3n tambi\u00e9n solicita un aumento salarial del 4,6% para los civiles del gobierno.<\/p>\n\n\n\n<p>El financiamiento est\u00e1 incluido para los programas de modernizaci\u00f3n y tr\u00edada nuclear de EE.UU., incluida la red de comunicaciones y comando y control nuclear. El bombardero B-21 de Northrop Grumman Corp. y el nuevo submarino de clase Columbia, construido por General Dynamics Corp. y Huntington Ingalls Industries Inc., son programas de alto perfil para impulsar la tr\u00edada nuclear.<\/p>\n\n\n\n<p>Seg\u00fan el plan de la Casa Blanca, se proyecta que el gasto en defensa crezca de US$813.000 millones en el a\u00f1o fiscal 2023 a US$843.000 millones en el a\u00f1o fiscal 2024 y US$851.000 millones en 2025.<\/p>\n\n\n\n<p><strong>La pol\u00edtica energ\u00e9tica<\/strong><\/p>\n\n\n\n<p>Se revocar\u00edan una gran cantidad de exenciones fiscales apreciadas por los perforadores de petr\u00f3leo y gas, incluso cuando la administraci\u00f3n Biden incita a la industria a producir m\u00e1s a nivel nacional para reducir los precios y ayudar a alejar a los aliados del combustible f\u00f3sil ruso.<\/p>\n\n\n\n<p>Las exenciones fiscales por valor de unos US$43.600 millones durante una d\u00e9cada terminar\u00edan, un paso que es poco probable que apruebe el Congreso. Entre ellos se encuentra una deducci\u00f3n de costos intangibles de perforaci\u00f3n, que permite a las empresas de petr\u00f3leo y gas deducir de inmediato algunos gastos, como mano de obra, preparaci\u00f3n del sitio y reparaciones. Tambi\u00e9n finaliza: una deducci\u00f3n por la producci\u00f3n de petr\u00f3leo y gas de pozos marginales y una deducci\u00f3n por agotamiento porcentual que los propietarios de derechos mineros pueden reclamar por una parte del valor de las reservas de petr\u00f3leo y gas extra\u00eddas de su propiedad.<\/p>\n\n\n\n<p>La Casa Blanca propone un nuevo &#8220;Acelerador de fabricaci\u00f3n solar&#8221; de US$200 millones para crear un sector de fabricaci\u00f3n solar nacional que sea &#8220;capaz de cumplir con los objetivos de implementaci\u00f3n solar de la administraci\u00f3n sin depender de productos importados fabricados con pr\u00e1cticas laborales inaceptables&#8221;.<\/p>\n\n\n\n<p><strong>Apelaciones a los moderados<\/strong><\/p>\n\n\n\n<p>Biden us\u00f3 el presupuesto para desarrollar su llamada Agenda de Unidad, una serie de propuestas que debut\u00f3 en el Estado de la Uni\u00f3n y que, seg\u00fan argument\u00f3, deber\u00edan superar las divisiones pol\u00edticas. Eso incluye una propuesta de US$33.200 millones para programas de aplicaci\u00f3n de la ley, prevenci\u00f3n del crimen e intervenci\u00f3n de la violencia comunitaria que la Casa Blanca pretende como un contraataque de alto perfil al llamado de algunos progresistas a \u201cDesfinanciar a la polic\u00eda\u201d.<\/p>\n\n\n\n<p>Biden tambi\u00e9n quiere 5.000 millones de d\u00f3lares para una agencia de investigaci\u00f3n de salud avanzada que \u00e9l ha defendido, que explorar\u00eda tratamientos experimentales para el c\u00e1ncer, la diabetes y la demencia. El Departamento de Asuntos de Veteranos ver\u00eda un aumento hist\u00f3rico en su presupuesto de casi un tercio de los niveles de 2021 y US$663 millones para programas de prevenci\u00f3n y tratamiento de opioides.<\/p>\n\n\n\n<p><strong>Para los progresistas<\/strong><br>El presidente todav\u00eda ofreci\u00f3 algo de carne roja a su base progresista. Si bien se omiti\u00f3 el gasto clim\u00e1tico de \u201cBuild Back Better\u201d, el presidente pide dedicar US$11.000 millones de d\u00f3lares de los contribuyentes para ayudar a otras naciones a implementar energ\u00eda limpia y capear las crecientes consecuencias del cambio clim\u00e1tico, m\u00e1s de 10 veces la cantidad que los legisladores donaron a la esfuerzo en el a\u00f1o fiscal 2022. El gasto marcar\u00eda un cambio masivo para los EE.UU., luego de a\u00f1os de promesas incumplidas de financiamiento clim\u00e1tico para pa\u00edses en desarrollo y vulnerables.<\/p>\n\n\n\n<p>En general, Biden busca unos US$50.000 millones para programas que aborden el cambio clim\u00e1tico, incluidos US$18.000 millones para desarrollar la resiliencia del gobierno de EE. UU. ante un mundo que se calienta.<\/p>\n\n\n\n<p>Biden tambi\u00e9n solicita US$367 millones para el presupuesto del Departamento de Justicia para apoyar la reforma policial, el enjuiciamiento de delitos de odio y la aplicaci\u00f3n de los derechos de voto, un aumento de m\u00e1s de $100 millones a partir de 2021. Tambi\u00e9n hay dinero para c\u00e1maras corporales policiales y reforma penitenciaria, como as\u00ed como US$50.000 millones para la construcci\u00f3n de viviendas asequibles. La administraci\u00f3n tambi\u00e9n est\u00e1 buscando m\u00e1s de US$200 millones m\u00e1s para la aplicaci\u00f3n de las normas antimonopolio, lo que seg\u00fan los asesores de la Casa Blanca ayudar\u00e1 a combatir la inflaci\u00f3n y mejorar la competencia.<\/p>\n","protected":false},"excerpt":{"rendered":"<p>El presupuesto para 2023 exige US$1,598 billones en los llamados\u2026<\/p>\n","protected":false},"author":1,"featured_media":939,"comment_status":"closed","ping_status":"closed","sticky":false,"template":"","format":"standard","meta":{"nf_dc_page":"","om_disable_all_campaigns":false,"_jetpack_memberships_contains_paid_content":false,"footnotes":""},"categories":[8],"tags":[],"class_list":["post-938","post","type-post","status-publish","format-standard","has-post-thumbnail","hentry","category-news"],"yoast_head":"<!-- This site is optimized with the Yoast SEO plugin v27.5 - https:\/\/yoast.com\/product\/yoast-seo-wordpress\/ -->\n<title>Joe Biden lanza un plan de US$5,8 billones con un aumento r\u00e9cord de los impuestos - Instituto para la competitividad, Innovaci\u00f3n y Desarrollo Empresarial<\/title>\n<meta name=\"robots\" content=\"index, follow, max-snippet:-1, max-image-preview:large, max-video-preview:-1\" \/>\n<link rel=\"canonical\" href=\"https:\/\/incie.org\/latam\/joe-biden-lanza-un-plan-de-us58-billones-con-un-aumento-record-de-los-impuestos\/\" \/>\n<meta property=\"og:locale\" content=\"es_ES\" \/>\n<meta property=\"og:type\" content=\"article\" \/>\n<meta property=\"og:title\" content=\"Joe Biden lanza un plan de US$5,8 billones con un aumento r\u00e9cord de los impuestos - Instituto para la competitividad, Innovaci\u00f3n y Desarrollo Empresarial\" \/>\n<meta property=\"og:description\" content=\"El presupuesto para 2023 exige US$1,598 billones en los llamados\u2026\" \/>\n<meta property=\"og:url\" content=\"https:\/\/incie.org\/latam\/joe-biden-lanza-un-plan-de-us58-billones-con-un-aumento-record-de-los-impuestos\/\" \/>\n<meta property=\"og:site_name\" content=\"Instituto para la competitividad, Innovaci\u00f3n y Desarrollo Empresarial\" \/>\n<meta property=\"article:published_time\" content=\"2022-03-28T16:42:21+00:00\" \/>\n<meta property=\"article:modified_time\" content=\"2022-03-28T16:42:26+00:00\" \/>\n<meta property=\"og:image\" content=\"https:\/\/incie.org\/latam\/wp-content\/uploads\/2022\/03\/0002.png\" \/>\n\t<meta property=\"og:image:width\" content=\"720\" \/>\n\t<meta property=\"og:image:height\" content=\"316\" \/>\n\t<meta property=\"og:image:type\" content=\"image\/png\" \/>\n<meta name=\"author\" content=\"INCIE\" \/>\n<meta name=\"twitter:card\" content=\"summary_large_image\" \/>\n<meta name=\"twitter:label1\" content=\"Escrito por\" \/>\n\t<meta name=\"twitter:data1\" content=\"INCIE\" \/>\n\t<meta name=\"twitter:label2\" content=\"Tiempo de lectura\" \/>\n\t<meta name=\"twitter:data2\" content=\"7 minutos\" \/>\n<script type=\"application\/ld+json\" class=\"yoast-schema-graph\">{\"@context\":\"https:\\\/\\\/schema.org\",\"@graph\":[{\"@type\":\"Article\",\"@id\":\"https:\\\/\\\/incie.org\\\/latam\\\/joe-biden-lanza-un-plan-de-us58-billones-con-un-aumento-record-de-los-impuestos\\\/#article\",\"isPartOf\":{\"@id\":\"https:\\\/\\\/incie.org\\\/latam\\\/joe-biden-lanza-un-plan-de-us58-billones-con-un-aumento-record-de-los-impuestos\\\/\"},\"author\":{\"name\":\"INCIE\",\"@id\":\"https:\\\/\\\/incie.org\\\/latam\\\/#\\\/schema\\\/person\\\/e9139cdf7139a97e03d7cea281ff8c84\"},\"headline\":\"Joe Biden lanza un plan de US$5,8 billones con un aumento r\u00e9cord de los impuestos\",\"datePublished\":\"2022-03-28T16:42:21+00:00\",\"dateModified\":\"2022-03-28T16:42:26+00:00\",\"mainEntityOfPage\":{\"@id\":\"https:\\\/\\\/incie.org\\\/latam\\\/joe-biden-lanza-un-plan-de-us58-billones-con-un-aumento-record-de-los-impuestos\\\/\"},\"wordCount\":1666,\"publisher\":{\"@id\":\"https:\\\/\\\/incie.org\\\/latam\\\/#organization\"},\"image\":{\"@id\":\"https:\\\/\\\/incie.org\\\/latam\\\/joe-biden-lanza-un-plan-de-us58-billones-con-un-aumento-record-de-los-impuestos\\\/#primaryimage\"},\"thumbnailUrl\":\"https:\\\/\\\/i0.wp.com\\\/incie.org\\\/latam\\\/wp-content\\\/uploads\\\/2022\\\/03\\\/0002.png?fit=720%2C316&ssl=1\",\"articleSection\":[\"Noticias\"],\"inLanguage\":\"es\"},{\"@type\":\"WebPage\",\"@id\":\"https:\\\/\\\/incie.org\\\/latam\\\/joe-biden-lanza-un-plan-de-us58-billones-con-un-aumento-record-de-los-impuestos\\\/\",\"url\":\"https:\\\/\\\/incie.org\\\/latam\\\/joe-biden-lanza-un-plan-de-us58-billones-con-un-aumento-record-de-los-impuestos\\\/\",\"name\":\"Joe Biden lanza un plan de US$5,8 billones con un aumento r\u00e9cord de los impuestos - Instituto para la competitividad, Innovaci\u00f3n y Desarrollo Empresarial\",\"isPartOf\":{\"@id\":\"https:\\\/\\\/incie.org\\\/latam\\\/#website\"},\"primaryImageOfPage\":{\"@id\":\"https:\\\/\\\/incie.org\\\/latam\\\/joe-biden-lanza-un-plan-de-us58-billones-con-un-aumento-record-de-los-impuestos\\\/#primaryimage\"},\"image\":{\"@id\":\"https:\\\/\\\/incie.org\\\/latam\\\/joe-biden-lanza-un-plan-de-us58-billones-con-un-aumento-record-de-los-impuestos\\\/#primaryimage\"},\"thumbnailUrl\":\"https:\\\/\\\/i0.wp.com\\\/incie.org\\\/latam\\\/wp-content\\\/uploads\\\/2022\\\/03\\\/0002.png?fit=720%2C316&ssl=1\",\"datePublished\":\"2022-03-28T16:42:21+00:00\",\"dateModified\":\"2022-03-28T16:42:26+00:00\",\"breadcrumb\":{\"@id\":\"https:\\\/\\\/incie.org\\\/latam\\\/joe-biden-lanza-un-plan-de-us58-billones-con-un-aumento-record-de-los-impuestos\\\/#breadcrumb\"},\"inLanguage\":\"es\",\"potentialAction\":[{\"@type\":\"ReadAction\",\"target\":[\"https:\\\/\\\/incie.org\\\/latam\\\/joe-biden-lanza-un-plan-de-us58-billones-con-un-aumento-record-de-los-impuestos\\\/\"]}]},{\"@type\":\"ImageObject\",\"inLanguage\":\"es\",\"@id\":\"https:\\\/\\\/incie.org\\\/latam\\\/joe-biden-lanza-un-plan-de-us58-billones-con-un-aumento-record-de-los-impuestos\\\/#primaryimage\",\"url\":\"https:\\\/\\\/i0.wp.com\\\/incie.org\\\/latam\\\/wp-content\\\/uploads\\\/2022\\\/03\\\/0002.png?fit=720%2C316&ssl=1\",\"contentUrl\":\"https:\\\/\\\/i0.wp.com\\\/incie.org\\\/latam\\\/wp-content\\\/uploads\\\/2022\\\/03\\\/0002.png?fit=720%2C316&ssl=1\",\"width\":720,\"height\":316},{\"@type\":\"BreadcrumbList\",\"@id\":\"https:\\\/\\\/incie.org\\\/latam\\\/joe-biden-lanza-un-plan-de-us58-billones-con-un-aumento-record-de-los-impuestos\\\/#breadcrumb\",\"itemListElement\":[{\"@type\":\"ListItem\",\"position\":1,\"name\":\"Home\",\"item\":\"https:\\\/\\\/incie.org\\\/latam\\\/\"},{\"@type\":\"ListItem\",\"position\":2,\"name\":\"Joe Biden lanza un plan de US$5,8 billones con un aumento r\u00e9cord de los impuestos\"}]},{\"@type\":\"WebSite\",\"@id\":\"https:\\\/\\\/incie.org\\\/latam\\\/#website\",\"url\":\"https:\\\/\\\/incie.org\\\/latam\\\/\",\"name\":\"Instituto para la competitividad, Innovaci\u00f3n y Desarrollo Empresarial\",\"description\":\"\",\"publisher\":{\"@id\":\"https:\\\/\\\/incie.org\\\/latam\\\/#organization\"},\"potentialAction\":[{\"@type\":\"SearchAction\",\"target\":{\"@type\":\"EntryPoint\",\"urlTemplate\":\"https:\\\/\\\/incie.org\\\/latam\\\/?s={search_term_string}\"},\"query-input\":{\"@type\":\"PropertyValueSpecification\",\"valueRequired\":true,\"valueName\":\"search_term_string\"}}],\"inLanguage\":\"es\"},{\"@type\":\"Organization\",\"@id\":\"https:\\\/\\\/incie.org\\\/latam\\\/#organization\",\"name\":\"Instituto para la competitividad, Innovaci\u00f3n y Desarrollo Empresarial\",\"url\":\"https:\\\/\\\/incie.org\\\/latam\\\/\",\"logo\":{\"@type\":\"ImageObject\",\"inLanguage\":\"es\",\"@id\":\"https:\\\/\\\/incie.org\\\/latam\\\/#\\\/schema\\\/logo\\\/image\\\/\",\"url\":\"https:\\\/\\\/i0.wp.com\\\/incie.org\\\/latam\\\/wp-content\\\/uploads\\\/2025\\\/12\\\/cropped-LOGOO-INCIE-AZUL-01-P.png?fit=185%2C45&ssl=1\",\"contentUrl\":\"https:\\\/\\\/i0.wp.com\\\/incie.org\\\/latam\\\/wp-content\\\/uploads\\\/2025\\\/12\\\/cropped-LOGOO-INCIE-AZUL-01-P.png?fit=185%2C45&ssl=1\",\"width\":185,\"height\":45,\"caption\":\"Instituto para la competitividad, Innovaci\u00f3n y Desarrollo Empresarial\"},\"image\":{\"@id\":\"https:\\\/\\\/incie.org\\\/latam\\\/#\\\/schema\\\/logo\\\/image\\\/\"}},{\"@type\":\"Person\",\"@id\":\"https:\\\/\\\/incie.org\\\/latam\\\/#\\\/schema\\\/person\\\/e9139cdf7139a97e03d7cea281ff8c84\",\"name\":\"INCIE\",\"image\":{\"@type\":\"ImageObject\",\"inLanguage\":\"es\",\"@id\":\"https:\\\/\\\/secure.gravatar.com\\\/avatar\\\/d75ba7229f3760c205c8944c98205e61cd3ca6979667021fb642852fee0e6323?s=96&d=mm&r=g\",\"url\":\"https:\\\/\\\/secure.gravatar.com\\\/avatar\\\/d75ba7229f3760c205c8944c98205e61cd3ca6979667021fb642852fee0e6323?s=96&d=mm&r=g\",\"contentUrl\":\"https:\\\/\\\/secure.gravatar.com\\\/avatar\\\/d75ba7229f3760c205c8944c98205e61cd3ca6979667021fb642852fee0e6323?s=96&d=mm&r=g\",\"caption\":\"INCIE\"},\"sameAs\":[\"https:\\\/\\\/incie.org\\\/latam\"],\"url\":\"https:\\\/\\\/incie.org\\\/latam\\\/author\\\/admin21\\\/\"}]}<\/script>\n<!-- \/ Yoast SEO plugin. -->","yoast_head_json":{"title":"Joe Biden lanza un plan de US$5,8 billones con un aumento r\u00e9cord de los impuestos - Instituto para la competitividad, Innovaci\u00f3n y Desarrollo Empresarial","robots":{"index":"index","follow":"follow","max-snippet":"max-snippet:-1","max-image-preview":"max-image-preview:large","max-video-preview":"max-video-preview:-1"},"canonical":"https:\/\/incie.org\/latam\/joe-biden-lanza-un-plan-de-us58-billones-con-un-aumento-record-de-los-impuestos\/","og_locale":"es_ES","og_type":"article","og_title":"Joe Biden lanza un plan de US$5,8 billones con un aumento r\u00e9cord de los impuestos - Instituto para la competitividad, Innovaci\u00f3n y Desarrollo Empresarial","og_description":"El presupuesto para 2023 exige US$1,598 billones en los llamados\u2026","og_url":"https:\/\/incie.org\/latam\/joe-biden-lanza-un-plan-de-us58-billones-con-un-aumento-record-de-los-impuestos\/","og_site_name":"Instituto para la competitividad, Innovaci\u00f3n y Desarrollo Empresarial","article_published_time":"2022-03-28T16:42:21+00:00","article_modified_time":"2022-03-28T16:42:26+00:00","og_image":[{"width":720,"height":316,"url":"https:\/\/incie.org\/latam\/wp-content\/uploads\/2022\/03\/0002.png","type":"image\/png"}],"author":"INCIE","twitter_card":"summary_large_image","twitter_misc":{"Escrito por":"INCIE","Tiempo de lectura":"7 minutos"},"schema":{"@context":"https:\/\/schema.org","@graph":[{"@type":"Article","@id":"https:\/\/incie.org\/latam\/joe-biden-lanza-un-plan-de-us58-billones-con-un-aumento-record-de-los-impuestos\/#article","isPartOf":{"@id":"https:\/\/incie.org\/latam\/joe-biden-lanza-un-plan-de-us58-billones-con-un-aumento-record-de-los-impuestos\/"},"author":{"name":"INCIE","@id":"https:\/\/incie.org\/latam\/#\/schema\/person\/e9139cdf7139a97e03d7cea281ff8c84"},"headline":"Joe Biden lanza un plan de US$5,8 billones con un aumento r\u00e9cord de los impuestos","datePublished":"2022-03-28T16:42:21+00:00","dateModified":"2022-03-28T16:42:26+00:00","mainEntityOfPage":{"@id":"https:\/\/incie.org\/latam\/joe-biden-lanza-un-plan-de-us58-billones-con-un-aumento-record-de-los-impuestos\/"},"wordCount":1666,"publisher":{"@id":"https:\/\/incie.org\/latam\/#organization"},"image":{"@id":"https:\/\/incie.org\/latam\/joe-biden-lanza-un-plan-de-us58-billones-con-un-aumento-record-de-los-impuestos\/#primaryimage"},"thumbnailUrl":"https:\/\/i0.wp.com\/incie.org\/latam\/wp-content\/uploads\/2022\/03\/0002.png?fit=720%2C316&ssl=1","articleSection":["Noticias"],"inLanguage":"es"},{"@type":"WebPage","@id":"https:\/\/incie.org\/latam\/joe-biden-lanza-un-plan-de-us58-billones-con-un-aumento-record-de-los-impuestos\/","url":"https:\/\/incie.org\/latam\/joe-biden-lanza-un-plan-de-us58-billones-con-un-aumento-record-de-los-impuestos\/","name":"Joe Biden lanza un plan de US$5,8 billones con un aumento r\u00e9cord de los impuestos - Instituto para la competitividad, Innovaci\u00f3n y Desarrollo Empresarial","isPartOf":{"@id":"https:\/\/incie.org\/latam\/#website"},"primaryImageOfPage":{"@id":"https:\/\/incie.org\/latam\/joe-biden-lanza-un-plan-de-us58-billones-con-un-aumento-record-de-los-impuestos\/#primaryimage"},"image":{"@id":"https:\/\/incie.org\/latam\/joe-biden-lanza-un-plan-de-us58-billones-con-un-aumento-record-de-los-impuestos\/#primaryimage"},"thumbnailUrl":"https:\/\/i0.wp.com\/incie.org\/latam\/wp-content\/uploads\/2022\/03\/0002.png?fit=720%2C316&ssl=1","datePublished":"2022-03-28T16:42:21+00:00","dateModified":"2022-03-28T16:42:26+00:00","breadcrumb":{"@id":"https:\/\/incie.org\/latam\/joe-biden-lanza-un-plan-de-us58-billones-con-un-aumento-record-de-los-impuestos\/#breadcrumb"},"inLanguage":"es","potentialAction":[{"@type":"ReadAction","target":["https:\/\/incie.org\/latam\/joe-biden-lanza-un-plan-de-us58-billones-con-un-aumento-record-de-los-impuestos\/"]}]},{"@type":"ImageObject","inLanguage":"es","@id":"https:\/\/incie.org\/latam\/joe-biden-lanza-un-plan-de-us58-billones-con-un-aumento-record-de-los-impuestos\/#primaryimage","url":"https:\/\/i0.wp.com\/incie.org\/latam\/wp-content\/uploads\/2022\/03\/0002.png?fit=720%2C316&ssl=1","contentUrl":"https:\/\/i0.wp.com\/incie.org\/latam\/wp-content\/uploads\/2022\/03\/0002.png?fit=720%2C316&ssl=1","width":720,"height":316},{"@type":"BreadcrumbList","@id":"https:\/\/incie.org\/latam\/joe-biden-lanza-un-plan-de-us58-billones-con-un-aumento-record-de-los-impuestos\/#breadcrumb","itemListElement":[{"@type":"ListItem","position":1,"name":"Home","item":"https:\/\/incie.org\/latam\/"},{"@type":"ListItem","position":2,"name":"Joe Biden lanza un plan de US$5,8 billones con un aumento r\u00e9cord de los impuestos"}]},{"@type":"WebSite","@id":"https:\/\/incie.org\/latam\/#website","url":"https:\/\/incie.org\/latam\/","name":"Instituto para la competitividad, Innovaci\u00f3n y Desarrollo Empresarial","description":"","publisher":{"@id":"https:\/\/incie.org\/latam\/#organization"},"potentialAction":[{"@type":"SearchAction","target":{"@type":"EntryPoint","urlTemplate":"https:\/\/incie.org\/latam\/?s={search_term_string}"},"query-input":{"@type":"PropertyValueSpecification","valueRequired":true,"valueName":"search_term_string"}}],"inLanguage":"es"},{"@type":"Organization","@id":"https:\/\/incie.org\/latam\/#organization","name":"Instituto para la competitividad, Innovaci\u00f3n y Desarrollo Empresarial","url":"https:\/\/incie.org\/latam\/","logo":{"@type":"ImageObject","inLanguage":"es","@id":"https:\/\/incie.org\/latam\/#\/schema\/logo\/image\/","url":"https:\/\/i0.wp.com\/incie.org\/latam\/wp-content\/uploads\/2025\/12\/cropped-LOGOO-INCIE-AZUL-01-P.png?fit=185%2C45&ssl=1","contentUrl":"https:\/\/i0.wp.com\/incie.org\/latam\/wp-content\/uploads\/2025\/12\/cropped-LOGOO-INCIE-AZUL-01-P.png?fit=185%2C45&ssl=1","width":185,"height":45,"caption":"Instituto para la competitividad, Innovaci\u00f3n y Desarrollo Empresarial"},"image":{"@id":"https:\/\/incie.org\/latam\/#\/schema\/logo\/image\/"}},{"@type":"Person","@id":"https:\/\/incie.org\/latam\/#\/schema\/person\/e9139cdf7139a97e03d7cea281ff8c84","name":"INCIE","image":{"@type":"ImageObject","inLanguage":"es","@id":"https:\/\/secure.gravatar.com\/avatar\/d75ba7229f3760c205c8944c98205e61cd3ca6979667021fb642852fee0e6323?s=96&d=mm&r=g","url":"https:\/\/secure.gravatar.com\/avatar\/d75ba7229f3760c205c8944c98205e61cd3ca6979667021fb642852fee0e6323?s=96&d=mm&r=g","contentUrl":"https:\/\/secure.gravatar.com\/avatar\/d75ba7229f3760c205c8944c98205e61cd3ca6979667021fb642852fee0e6323?s=96&d=mm&r=g","caption":"INCIE"},"sameAs":["https:\/\/incie.org\/latam"],"url":"https:\/\/incie.org\/latam\/author\/admin21\/"}]}},"jetpack_featured_media_url":"https:\/\/i0.wp.com\/incie.org\/latam\/wp-content\/uploads\/2022\/03\/0002.png?fit=720%2C316&ssl=1","jetpack_sharing_enabled":true,"_links":{"self":[{"href":"https:\/\/incie.org\/latam\/wp-json\/wp\/v2\/posts\/938","targetHints":{"allow":["GET"]}}],"collection":[{"href":"https:\/\/incie.org\/latam\/wp-json\/wp\/v2\/posts"}],"about":[{"href":"https:\/\/incie.org\/latam\/wp-json\/wp\/v2\/types\/post"}],"author":[{"embeddable":true,"href":"https:\/\/incie.org\/latam\/wp-json\/wp\/v2\/users\/1"}],"replies":[{"embeddable":true,"href":"https:\/\/incie.org\/latam\/wp-json\/wp\/v2\/comments?post=938"}],"version-history":[{"count":1,"href":"https:\/\/incie.org\/latam\/wp-json\/wp\/v2\/posts\/938\/revisions"}],"predecessor-version":[{"id":940,"href":"https:\/\/incie.org\/latam\/wp-json\/wp\/v2\/posts\/938\/revisions\/940"}],"wp:featuredmedia":[{"embeddable":true,"href":"https:\/\/incie.org\/latam\/wp-json\/wp\/v2\/media\/939"}],"wp:attachment":[{"href":"https:\/\/incie.org\/latam\/wp-json\/wp\/v2\/media?parent=938"}],"wp:term":[{"taxonomy":"category","embeddable":true,"href":"https:\/\/incie.org\/latam\/wp-json\/wp\/v2\/categories?post=938"},{"taxonomy":"post_tag","embeddable":true,"href":"https:\/\/incie.org\/latam\/wp-json\/wp\/v2\/tags?post=938"}],"curies":[{"name":"wp","href":"https:\/\/api.w.org\/{rel}","templated":true}]}}