{"id":498,"date":"2022-03-17T23:11:01","date_gmt":"2022-03-17T23:11:01","guid":{"rendered":"https:\/\/incie.org\/latam\/?p=498"},"modified":"2022-03-19T06:42:10","modified_gmt":"2022-03-19T06:42:10","slug":"amazon-cerro-la-compra-millonaria-de-metro-goldwyn-mayer-y-prometio-reimaginar-todo-su-catalogo","status":"publish","type":"post","link":"https:\/\/incie.org\/latam\/amazon-cerro-la-compra-millonaria-de-metro-goldwyn-mayer-y-prometio-reimaginar-todo-su-catalogo\/","title":{"rendered":"Amazon cerr\u00f3 la compra millonaria de Metro Goldwyn Mayer y prometi\u00f3 &#8220;reimaginar&#8221; todo su cat\u00e1logo"},"content":{"rendered":"\n<p>Casi un a\u00f1o despu\u00e9s de anunciarse, la millonaria y sobrevalorada compra del estudio Metro Goldwyn Mayer (MGM) por parte de Amazon parece que finalmente ser\u00e1 una realidad. Este jueves, la empresa fundada por Jeff Bezos inform\u00f3 que la Comisi\u00f3n Europea (CE) aprob\u00f3 &#8220;incondicionalmente&#8221; la operaci\u00f3n, ya que no reducir\u00e1 la competencia en los mercados de producci\u00f3n y suministro de contenidos de streaming, seg\u00fan inform\u00f3 en un comunicado. As\u00ed, el imperio de Amazon suma un enorme cat\u00e1logo que puede desarrollar con nuevos contenidos y deja en evidencia la fuerte apuesta que hace el gigante de comercio minorista por el ya enorme negocio audiovisual. Sin embargo, el Gobierno de Estados Unidos, su m\u00e1s grande obst\u00e1culo, advirti\u00f3 que la compra podr\u00eda impugnarse &#8220;en cualquier momento&#8221;.<\/p>\n\n\n\n<p>\u201cIncluso en los mercados nacionales donde Amazon tiene una presencia de mercado considerable entre las plataformas de transmisi\u00f3n de video, la Comisi\u00f3n descubri\u00f3 que Amazon enfrenta una fuerte competencia de otros jugadores\u201d, escribi\u00f3 la CE en un comunicado de prensa. Adem\u00e1s, dijo que autoriz\u00f3 el acuerdo en parte porque &#8220;el contenido de MGM no puede considerarse imprescindible&#8221;. Con esto, daba el visto bueno a la transacci\u00f3n de 8.500 millones de d\u00f3lares, un precio sobrevalorado, ya que para los analistas MGM no vale m\u00e1s de 6.000 millones.<\/p>\n\n\n\n<p>\u00bfQu\u00e9 gana con esta compra? Much\u00edsimo. Lo m\u00e1s importante de todo es la franquicia de James Bond, que estuvo a punto de pasar a Apple en 2020, pero EON (la firma que genera, controla y produce cada filme de Bond, comandada por Barbara Broccoli, hija del productor original, y Andy Wilson, su medio hermano) dijo que no: el 007 en el streaming pod\u00eda significar que &#8220;No Time to Die&#8221;, la \u00faltima de la saga de Daniel Craig. no saliera en cines y, quiz\u00e1s peor que eso, que la franquicia diera lugar a spin-offs o series.<\/p>\n\n\n\n<p>Adem\u00e1s, otros contenidos de MGM se sumar\u00e1n a Amazon, que busca competirle de igual a igual a Netflix, Disney y HBO: Rocky, The Handmaid&#8217;s Tale, RoboCop, La Pantera Rosa, The Handmaid&#8217;s Tale, Legally Blonde y la cadena de televisi\u00f3n Epix. En total, son m\u00e1s de 4.000 pel\u00edculas y 17.000 programas de televisi\u00f3n. Y aunque todo esto es muy valioso y nutrir\u00e1 enormemente el cat\u00e1logo de Prime Video, lo m\u00e1s interesante del acuerdo es el potencial que tiene, ya que ahora Amazon podr\u00e1 producir contenidos nuevos en base a los que le compr\u00f3 a la marca del le\u00f3n que ruge.<\/p>\n\n\n\n<p>\u201cEl valor financiero real detr\u00e1s de este acuerdo es el tesoro oculto de IP en el cat\u00e1logo profundo que planeamos reimaginar y desarrollar junto con el talentoso equipo de MGM. Es muy emocionante y brinda muchas oportunidades para contar historias de alta calidad\u201d, dijo Mike Hopkins, vicepresidente senior de Prime Video y Amazon Studios, en un comunicado.<\/p>\n\n\n\n<p>El Gobierno de Estados Unidos, la principal traba de Amazon<br>Seg\u00fan Reuters, la Big Tech est\u00e1 a d\u00edas de cerrar el acuerdo. Sin embargo, Variety advirti\u00f3 que la FTC (Federal Trade Commission, la entidad que revisa que no haya monopolios ni oligopolios y autoriza o no este tipo de fusiones) todav\u00eda no est\u00e1 100% a bordo de la operaci\u00f3n. \u201cLa FTC no comenta sobre ning\u00fan asunto en particular. Sin embargo, reiteramos que la Comisi\u00f3n no aprueba transacciones y puede impugnar un acuerdo en cualquier momento si determina que viola la ley\u201d, dijo la portavoz de la FTC, Betsy Lordan, en un comunicado al medio citado.<\/p>\n\n\n\n<p>Amazon inform\u00f3 anteriormente a la FTC que hab\u00eda \u201ccumplido sustancialmente\u201d con las solicitudes de informaci\u00f3n sobre el acuerdo. Su decisi\u00f3n de cerrar se produce despu\u00e9s de que venci\u00f3 el plazo para que la FTC impugnara el acuerdo.<\/p>\n\n\n\n<p><\/p>\n","protected":false},"excerpt":{"rendered":"<p>Casi un a\u00f1o despu\u00e9s de anunciarse, la millonaria y sobrevalorada\u2026<\/p>\n","protected":false},"author":1,"featured_media":499,"comment_status":"closed","ping_status":"closed","sticky":false,"template":"","format":"standard","meta":{"nf_dc_page":"","om_disable_all_campaigns":false,"_jetpack_memberships_contains_paid_content":false,"footnotes":""},"categories":[38,8],"tags":[46,47,45],"class_list":["post-498","post","type-post","status-publish","format-standard","has-post-thumbnail","hentry","category-inversiones","category-news","tag-amazon","tag-james-bond","tag-metro-goldwyn-mayer"],"yoast_head":"<!-- This site is optimized with the Yoast SEO plugin v27.5 - https:\/\/yoast.com\/product\/yoast-seo-wordpress\/ -->\n<title>Amazon cerr\u00f3 la compra millonaria de Metro Goldwyn Mayer y prometi\u00f3 &quot;reimaginar&quot; todo su cat\u00e1logo - Instituto para la competitividad, Innovaci\u00f3n y Desarrollo Empresarial<\/title>\n<meta name=\"robots\" content=\"index, follow, max-snippet:-1, max-image-preview:large, max-video-preview:-1\" \/>\n<link rel=\"canonical\" href=\"https:\/\/incie.org\/latam\/amazon-cerro-la-compra-millonaria-de-metro-goldwyn-mayer-y-prometio-reimaginar-todo-su-catalogo\/\" \/>\n<meta property=\"og:locale\" content=\"es_ES\" \/>\n<meta property=\"og:type\" content=\"article\" \/>\n<meta property=\"og:title\" content=\"Amazon cerr\u00f3 la compra millonaria de Metro Goldwyn Mayer y prometi\u00f3 &quot;reimaginar&quot; todo su cat\u00e1logo - Instituto para la competitividad, Innovaci\u00f3n y Desarrollo Empresarial\" \/>\n<meta property=\"og:description\" content=\"Casi un a\u00f1o despu\u00e9s de anunciarse, la millonaria y sobrevalorada\u2026\" \/>\n<meta property=\"og:url\" content=\"https:\/\/incie.org\/latam\/amazon-cerro-la-compra-millonaria-de-metro-goldwyn-mayer-y-prometio-reimaginar-todo-su-catalogo\/\" \/>\n<meta property=\"og:site_name\" content=\"Instituto para la competitividad, Innovaci\u00f3n y Desarrollo Empresarial\" \/>\n<meta property=\"article:published_time\" content=\"2022-03-17T23:11:01+00:00\" \/>\n<meta property=\"article:modified_time\" content=\"2022-03-19T06:42:10+00:00\" \/>\n<meta property=\"og:image\" content=\"https:\/\/incie.org\/latam\/wp-content\/uploads\/2022\/03\/compra-amazon.jpg\" \/>\n\t<meta property=\"og:image:width\" content=\"600\" \/>\n\t<meta property=\"og:image:height\" content=\"263\" \/>\n\t<meta property=\"og:image:type\" content=\"image\/jpeg\" \/>\n<meta name=\"author\" content=\"INCIE\" \/>\n<meta name=\"twitter:card\" content=\"summary_large_image\" \/>\n<meta name=\"twitter:label1\" content=\"Escrito por\" \/>\n\t<meta name=\"twitter:data1\" content=\"INCIE\" \/>\n\t<meta name=\"twitter:label2\" content=\"Tiempo de lectura\" \/>\n\t<meta name=\"twitter:data2\" content=\"3 minutos\" \/>\n<script type=\"application\/ld+json\" class=\"yoast-schema-graph\">{\"@context\":\"https:\\\/\\\/schema.org\",\"@graph\":[{\"@type\":\"Article\",\"@id\":\"https:\\\/\\\/incie.org\\\/latam\\\/amazon-cerro-la-compra-millonaria-de-metro-goldwyn-mayer-y-prometio-reimaginar-todo-su-catalogo\\\/#article\",\"isPartOf\":{\"@id\":\"https:\\\/\\\/incie.org\\\/latam\\\/amazon-cerro-la-compra-millonaria-de-metro-goldwyn-mayer-y-prometio-reimaginar-todo-su-catalogo\\\/\"},\"author\":{\"name\":\"INCIE\",\"@id\":\"https:\\\/\\\/incie.org\\\/latam\\\/#\\\/schema\\\/person\\\/e9139cdf7139a97e03d7cea281ff8c84\"},\"headline\":\"Amazon cerr\u00f3 la compra millonaria de Metro Goldwyn Mayer y prometi\u00f3 &#8220;reimaginar&#8221; todo su cat\u00e1logo\",\"datePublished\":\"2022-03-17T23:11:01+00:00\",\"dateModified\":\"2022-03-19T06:42:10+00:00\",\"mainEntityOfPage\":{\"@id\":\"https:\\\/\\\/incie.org\\\/latam\\\/amazon-cerro-la-compra-millonaria-de-metro-goldwyn-mayer-y-prometio-reimaginar-todo-su-catalogo\\\/\"},\"wordCount\":652,\"publisher\":{\"@id\":\"https:\\\/\\\/incie.org\\\/latam\\\/#organization\"},\"image\":{\"@id\":\"https:\\\/\\\/incie.org\\\/latam\\\/amazon-cerro-la-compra-millonaria-de-metro-goldwyn-mayer-y-prometio-reimaginar-todo-su-catalogo\\\/#primaryimage\"},\"thumbnailUrl\":\"https:\\\/\\\/i0.wp.com\\\/incie.org\\\/latam\\\/wp-content\\\/uploads\\\/2022\\\/03\\\/compra-amazon.jpg?fit=600%2C263&ssl=1\",\"keywords\":[\"Amazon\",\"James Bond\",\"Metro Goldwyn Mayer\"],\"articleSection\":[\"Inversiones\",\"Noticias\"],\"inLanguage\":\"es\"},{\"@type\":\"WebPage\",\"@id\":\"https:\\\/\\\/incie.org\\\/latam\\\/amazon-cerro-la-compra-millonaria-de-metro-goldwyn-mayer-y-prometio-reimaginar-todo-su-catalogo\\\/\",\"url\":\"https:\\\/\\\/incie.org\\\/latam\\\/amazon-cerro-la-compra-millonaria-de-metro-goldwyn-mayer-y-prometio-reimaginar-todo-su-catalogo\\\/\",\"name\":\"Amazon cerr\u00f3 la compra millonaria de Metro Goldwyn Mayer y prometi\u00f3 \\\"reimaginar\\\" todo su cat\u00e1logo - Instituto para la competitividad, Innovaci\u00f3n y Desarrollo Empresarial\",\"isPartOf\":{\"@id\":\"https:\\\/\\\/incie.org\\\/latam\\\/#website\"},\"primaryImageOfPage\":{\"@id\":\"https:\\\/\\\/incie.org\\\/latam\\\/amazon-cerro-la-compra-millonaria-de-metro-goldwyn-mayer-y-prometio-reimaginar-todo-su-catalogo\\\/#primaryimage\"},\"image\":{\"@id\":\"https:\\\/\\\/incie.org\\\/latam\\\/amazon-cerro-la-compra-millonaria-de-metro-goldwyn-mayer-y-prometio-reimaginar-todo-su-catalogo\\\/#primaryimage\"},\"thumbnailUrl\":\"https:\\\/\\\/i0.wp.com\\\/incie.org\\\/latam\\\/wp-content\\\/uploads\\\/2022\\\/03\\\/compra-amazon.jpg?fit=600%2C263&ssl=1\",\"datePublished\":\"2022-03-17T23:11:01+00:00\",\"dateModified\":\"2022-03-19T06:42:10+00:00\",\"breadcrumb\":{\"@id\":\"https:\\\/\\\/incie.org\\\/latam\\\/amazon-cerro-la-compra-millonaria-de-metro-goldwyn-mayer-y-prometio-reimaginar-todo-su-catalogo\\\/#breadcrumb\"},\"inLanguage\":\"es\",\"potentialAction\":[{\"@type\":\"ReadAction\",\"target\":[\"https:\\\/\\\/incie.org\\\/latam\\\/amazon-cerro-la-compra-millonaria-de-metro-goldwyn-mayer-y-prometio-reimaginar-todo-su-catalogo\\\/\"]}]},{\"@type\":\"ImageObject\",\"inLanguage\":\"es\",\"@id\":\"https:\\\/\\\/incie.org\\\/latam\\\/amazon-cerro-la-compra-millonaria-de-metro-goldwyn-mayer-y-prometio-reimaginar-todo-su-catalogo\\\/#primaryimage\",\"url\":\"https:\\\/\\\/i0.wp.com\\\/incie.org\\\/latam\\\/wp-content\\\/uploads\\\/2022\\\/03\\\/compra-amazon.jpg?fit=600%2C263&ssl=1\",\"contentUrl\":\"https:\\\/\\\/i0.wp.com\\\/incie.org\\\/latam\\\/wp-content\\\/uploads\\\/2022\\\/03\\\/compra-amazon.jpg?fit=600%2C263&ssl=1\",\"width\":600,\"height\":263},{\"@type\":\"BreadcrumbList\",\"@id\":\"https:\\\/\\\/incie.org\\\/latam\\\/amazon-cerro-la-compra-millonaria-de-metro-goldwyn-mayer-y-prometio-reimaginar-todo-su-catalogo\\\/#breadcrumb\",\"itemListElement\":[{\"@type\":\"ListItem\",\"position\":1,\"name\":\"Home\",\"item\":\"https:\\\/\\\/incie.org\\\/latam\\\/\"},{\"@type\":\"ListItem\",\"position\":2,\"name\":\"Amazon cerr\u00f3 la compra millonaria de Metro Goldwyn Mayer y prometi\u00f3 \u00abreimaginar\u00bb todo su cat\u00e1logo\"}]},{\"@type\":\"WebSite\",\"@id\":\"https:\\\/\\\/incie.org\\\/latam\\\/#website\",\"url\":\"https:\\\/\\\/incie.org\\\/latam\\\/\",\"name\":\"Instituto para la competitividad, Innovaci\u00f3n y Desarrollo Empresarial\",\"description\":\"\",\"publisher\":{\"@id\":\"https:\\\/\\\/incie.org\\\/latam\\\/#organization\"},\"potentialAction\":[{\"@type\":\"SearchAction\",\"target\":{\"@type\":\"EntryPoint\",\"urlTemplate\":\"https:\\\/\\\/incie.org\\\/latam\\\/?s={search_term_string}\"},\"query-input\":{\"@type\":\"PropertyValueSpecification\",\"valueRequired\":true,\"valueName\":\"search_term_string\"}}],\"inLanguage\":\"es\"},{\"@type\":\"Organization\",\"@id\":\"https:\\\/\\\/incie.org\\\/latam\\\/#organization\",\"name\":\"Instituto para la competitividad, Innovaci\u00f3n y Desarrollo Empresarial\",\"url\":\"https:\\\/\\\/incie.org\\\/latam\\\/\",\"logo\":{\"@type\":\"ImageObject\",\"inLanguage\":\"es\",\"@id\":\"https:\\\/\\\/incie.org\\\/latam\\\/#\\\/schema\\\/logo\\\/image\\\/\",\"url\":\"https:\\\/\\\/i0.wp.com\\\/incie.org\\\/latam\\\/wp-content\\\/uploads\\\/2025\\\/12\\\/cropped-LOGOO-INCIE-AZUL-01-P.png?fit=185%2C45&ssl=1\",\"contentUrl\":\"https:\\\/\\\/i0.wp.com\\\/incie.org\\\/latam\\\/wp-content\\\/uploads\\\/2025\\\/12\\\/cropped-LOGOO-INCIE-AZUL-01-P.png?fit=185%2C45&ssl=1\",\"width\":185,\"height\":45,\"caption\":\"Instituto para la competitividad, Innovaci\u00f3n y Desarrollo Empresarial\"},\"image\":{\"@id\":\"https:\\\/\\\/incie.org\\\/latam\\\/#\\\/schema\\\/logo\\\/image\\\/\"}},{\"@type\":\"Person\",\"@id\":\"https:\\\/\\\/incie.org\\\/latam\\\/#\\\/schema\\\/person\\\/e9139cdf7139a97e03d7cea281ff8c84\",\"name\":\"INCIE\",\"image\":{\"@type\":\"ImageObject\",\"inLanguage\":\"es\",\"@id\":\"https:\\\/\\\/secure.gravatar.com\\\/avatar\\\/d75ba7229f3760c205c8944c98205e61cd3ca6979667021fb642852fee0e6323?s=96&d=mm&r=g\",\"url\":\"https:\\\/\\\/secure.gravatar.com\\\/avatar\\\/d75ba7229f3760c205c8944c98205e61cd3ca6979667021fb642852fee0e6323?s=96&d=mm&r=g\",\"contentUrl\":\"https:\\\/\\\/secure.gravatar.com\\\/avatar\\\/d75ba7229f3760c205c8944c98205e61cd3ca6979667021fb642852fee0e6323?s=96&d=mm&r=g\",\"caption\":\"INCIE\"},\"sameAs\":[\"https:\\\/\\\/incie.org\\\/latam\"],\"url\":\"https:\\\/\\\/incie.org\\\/latam\\\/author\\\/admin21\\\/\"}]}<\/script>\n<!-- \/ Yoast SEO plugin. -->","yoast_head_json":{"title":"Amazon cerr\u00f3 la compra millonaria de Metro Goldwyn Mayer y prometi\u00f3 \"reimaginar\" todo su cat\u00e1logo - Instituto para la competitividad, Innovaci\u00f3n y Desarrollo Empresarial","robots":{"index":"index","follow":"follow","max-snippet":"max-snippet:-1","max-image-preview":"max-image-preview:large","max-video-preview":"max-video-preview:-1"},"canonical":"https:\/\/incie.org\/latam\/amazon-cerro-la-compra-millonaria-de-metro-goldwyn-mayer-y-prometio-reimaginar-todo-su-catalogo\/","og_locale":"es_ES","og_type":"article","og_title":"Amazon cerr\u00f3 la compra millonaria de Metro Goldwyn Mayer y prometi\u00f3 \"reimaginar\" todo su cat\u00e1logo - Instituto para la competitividad, Innovaci\u00f3n y Desarrollo Empresarial","og_description":"Casi un a\u00f1o despu\u00e9s de anunciarse, la millonaria y sobrevalorada\u2026","og_url":"https:\/\/incie.org\/latam\/amazon-cerro-la-compra-millonaria-de-metro-goldwyn-mayer-y-prometio-reimaginar-todo-su-catalogo\/","og_site_name":"Instituto para la competitividad, Innovaci\u00f3n y Desarrollo Empresarial","article_published_time":"2022-03-17T23:11:01+00:00","article_modified_time":"2022-03-19T06:42:10+00:00","og_image":[{"width":600,"height":263,"url":"https:\/\/incie.org\/latam\/wp-content\/uploads\/2022\/03\/compra-amazon.jpg","type":"image\/jpeg"}],"author":"INCIE","twitter_card":"summary_large_image","twitter_misc":{"Escrito por":"INCIE","Tiempo de lectura":"3 minutos"},"schema":{"@context":"https:\/\/schema.org","@graph":[{"@type":"Article","@id":"https:\/\/incie.org\/latam\/amazon-cerro-la-compra-millonaria-de-metro-goldwyn-mayer-y-prometio-reimaginar-todo-su-catalogo\/#article","isPartOf":{"@id":"https:\/\/incie.org\/latam\/amazon-cerro-la-compra-millonaria-de-metro-goldwyn-mayer-y-prometio-reimaginar-todo-su-catalogo\/"},"author":{"name":"INCIE","@id":"https:\/\/incie.org\/latam\/#\/schema\/person\/e9139cdf7139a97e03d7cea281ff8c84"},"headline":"Amazon cerr\u00f3 la compra millonaria de Metro Goldwyn Mayer y prometi\u00f3 &#8220;reimaginar&#8221; todo su cat\u00e1logo","datePublished":"2022-03-17T23:11:01+00:00","dateModified":"2022-03-19T06:42:10+00:00","mainEntityOfPage":{"@id":"https:\/\/incie.org\/latam\/amazon-cerro-la-compra-millonaria-de-metro-goldwyn-mayer-y-prometio-reimaginar-todo-su-catalogo\/"},"wordCount":652,"publisher":{"@id":"https:\/\/incie.org\/latam\/#organization"},"image":{"@id":"https:\/\/incie.org\/latam\/amazon-cerro-la-compra-millonaria-de-metro-goldwyn-mayer-y-prometio-reimaginar-todo-su-catalogo\/#primaryimage"},"thumbnailUrl":"https:\/\/i0.wp.com\/incie.org\/latam\/wp-content\/uploads\/2022\/03\/compra-amazon.jpg?fit=600%2C263&ssl=1","keywords":["Amazon","James Bond","Metro Goldwyn Mayer"],"articleSection":["Inversiones","Noticias"],"inLanguage":"es"},{"@type":"WebPage","@id":"https:\/\/incie.org\/latam\/amazon-cerro-la-compra-millonaria-de-metro-goldwyn-mayer-y-prometio-reimaginar-todo-su-catalogo\/","url":"https:\/\/incie.org\/latam\/amazon-cerro-la-compra-millonaria-de-metro-goldwyn-mayer-y-prometio-reimaginar-todo-su-catalogo\/","name":"Amazon cerr\u00f3 la compra millonaria de Metro Goldwyn Mayer y prometi\u00f3 \"reimaginar\" todo su cat\u00e1logo - Instituto para la competitividad, Innovaci\u00f3n y Desarrollo Empresarial","isPartOf":{"@id":"https:\/\/incie.org\/latam\/#website"},"primaryImageOfPage":{"@id":"https:\/\/incie.org\/latam\/amazon-cerro-la-compra-millonaria-de-metro-goldwyn-mayer-y-prometio-reimaginar-todo-su-catalogo\/#primaryimage"},"image":{"@id":"https:\/\/incie.org\/latam\/amazon-cerro-la-compra-millonaria-de-metro-goldwyn-mayer-y-prometio-reimaginar-todo-su-catalogo\/#primaryimage"},"thumbnailUrl":"https:\/\/i0.wp.com\/incie.org\/latam\/wp-content\/uploads\/2022\/03\/compra-amazon.jpg?fit=600%2C263&ssl=1","datePublished":"2022-03-17T23:11:01+00:00","dateModified":"2022-03-19T06:42:10+00:00","breadcrumb":{"@id":"https:\/\/incie.org\/latam\/amazon-cerro-la-compra-millonaria-de-metro-goldwyn-mayer-y-prometio-reimaginar-todo-su-catalogo\/#breadcrumb"},"inLanguage":"es","potentialAction":[{"@type":"ReadAction","target":["https:\/\/incie.org\/latam\/amazon-cerro-la-compra-millonaria-de-metro-goldwyn-mayer-y-prometio-reimaginar-todo-su-catalogo\/"]}]},{"@type":"ImageObject","inLanguage":"es","@id":"https:\/\/incie.org\/latam\/amazon-cerro-la-compra-millonaria-de-metro-goldwyn-mayer-y-prometio-reimaginar-todo-su-catalogo\/#primaryimage","url":"https:\/\/i0.wp.com\/incie.org\/latam\/wp-content\/uploads\/2022\/03\/compra-amazon.jpg?fit=600%2C263&ssl=1","contentUrl":"https:\/\/i0.wp.com\/incie.org\/latam\/wp-content\/uploads\/2022\/03\/compra-amazon.jpg?fit=600%2C263&ssl=1","width":600,"height":263},{"@type":"BreadcrumbList","@id":"https:\/\/incie.org\/latam\/amazon-cerro-la-compra-millonaria-de-metro-goldwyn-mayer-y-prometio-reimaginar-todo-su-catalogo\/#breadcrumb","itemListElement":[{"@type":"ListItem","position":1,"name":"Home","item":"https:\/\/incie.org\/latam\/"},{"@type":"ListItem","position":2,"name":"Amazon cerr\u00f3 la compra millonaria de Metro Goldwyn Mayer y prometi\u00f3 \u00abreimaginar\u00bb todo su cat\u00e1logo"}]},{"@type":"WebSite","@id":"https:\/\/incie.org\/latam\/#website","url":"https:\/\/incie.org\/latam\/","name":"Instituto para la competitividad, Innovaci\u00f3n y Desarrollo Empresarial","description":"","publisher":{"@id":"https:\/\/incie.org\/latam\/#organization"},"potentialAction":[{"@type":"SearchAction","target":{"@type":"EntryPoint","urlTemplate":"https:\/\/incie.org\/latam\/?s={search_term_string}"},"query-input":{"@type":"PropertyValueSpecification","valueRequired":true,"valueName":"search_term_string"}}],"inLanguage":"es"},{"@type":"Organization","@id":"https:\/\/incie.org\/latam\/#organization","name":"Instituto para la competitividad, Innovaci\u00f3n y Desarrollo Empresarial","url":"https:\/\/incie.org\/latam\/","logo":{"@type":"ImageObject","inLanguage":"es","@id":"https:\/\/incie.org\/latam\/#\/schema\/logo\/image\/","url":"https:\/\/i0.wp.com\/incie.org\/latam\/wp-content\/uploads\/2025\/12\/cropped-LOGOO-INCIE-AZUL-01-P.png?fit=185%2C45&ssl=1","contentUrl":"https:\/\/i0.wp.com\/incie.org\/latam\/wp-content\/uploads\/2025\/12\/cropped-LOGOO-INCIE-AZUL-01-P.png?fit=185%2C45&ssl=1","width":185,"height":45,"caption":"Instituto para la competitividad, Innovaci\u00f3n y Desarrollo Empresarial"},"image":{"@id":"https:\/\/incie.org\/latam\/#\/schema\/logo\/image\/"}},{"@type":"Person","@id":"https:\/\/incie.org\/latam\/#\/schema\/person\/e9139cdf7139a97e03d7cea281ff8c84","name":"INCIE","image":{"@type":"ImageObject","inLanguage":"es","@id":"https:\/\/secure.gravatar.com\/avatar\/d75ba7229f3760c205c8944c98205e61cd3ca6979667021fb642852fee0e6323?s=96&d=mm&r=g","url":"https:\/\/secure.gravatar.com\/avatar\/d75ba7229f3760c205c8944c98205e61cd3ca6979667021fb642852fee0e6323?s=96&d=mm&r=g","contentUrl":"https:\/\/secure.gravatar.com\/avatar\/d75ba7229f3760c205c8944c98205e61cd3ca6979667021fb642852fee0e6323?s=96&d=mm&r=g","caption":"INCIE"},"sameAs":["https:\/\/incie.org\/latam"],"url":"https:\/\/incie.org\/latam\/author\/admin21\/"}]}},"jetpack_featured_media_url":"https:\/\/i0.wp.com\/incie.org\/latam\/wp-content\/uploads\/2022\/03\/compra-amazon.jpg?fit=600%2C263&ssl=1","jetpack_sharing_enabled":true,"_links":{"self":[{"href":"https:\/\/incie.org\/latam\/wp-json\/wp\/v2\/posts\/498","targetHints":{"allow":["GET"]}}],"collection":[{"href":"https:\/\/incie.org\/latam\/wp-json\/wp\/v2\/posts"}],"about":[{"href":"https:\/\/incie.org\/latam\/wp-json\/wp\/v2\/types\/post"}],"author":[{"embeddable":true,"href":"https:\/\/incie.org\/latam\/wp-json\/wp\/v2\/users\/1"}],"replies":[{"embeddable":true,"href":"https:\/\/incie.org\/latam\/wp-json\/wp\/v2\/comments?post=498"}],"version-history":[{"count":1,"href":"https:\/\/incie.org\/latam\/wp-json\/wp\/v2\/posts\/498\/revisions"}],"predecessor-version":[{"id":500,"href":"https:\/\/incie.org\/latam\/wp-json\/wp\/v2\/posts\/498\/revisions\/500"}],"wp:featuredmedia":[{"embeddable":true,"href":"https:\/\/incie.org\/latam\/wp-json\/wp\/v2\/media\/499"}],"wp:attachment":[{"href":"https:\/\/incie.org\/latam\/wp-json\/wp\/v2\/media?parent=498"}],"wp:term":[{"taxonomy":"category","embeddable":true,"href":"https:\/\/incie.org\/latam\/wp-json\/wp\/v2\/categories?post=498"},{"taxonomy":"post_tag","embeddable":true,"href":"https:\/\/incie.org\/latam\/wp-json\/wp\/v2\/tags?post=498"}],"curies":[{"name":"wp","href":"https:\/\/api.w.org\/{rel}","templated":true}]}}