{"id":2204,"date":"2026-09-04T22:24:52","date_gmt":"2026-09-04T22:24:52","guid":{"rendered":"https:\/\/incie.org\/latam\/?p=2204"},"modified":"2026-09-04T22:24:54","modified_gmt":"2026-09-04T22:24:54","slug":"desempeno-y-capacidades-dos-dimensiones-distintas-de-la-gestion-empresarial","status":"publish","type":"post","link":"https:\/\/incie.org\/latam\/desempeno-y-capacidades-dos-dimensiones-distintas-de-la-gestion-empresarial\/","title":{"rendered":"Desempe\u00f1o y capacidades: dos dimensiones distintas de la gesti\u00f3n empresarial"},"content":{"rendered":"\n<p class=\"wp-block-paragraph\">En la gesti\u00f3n empresarial existe una diferencia fundamental entre conocer los resultados que alcanza una organizaci\u00f3n y comprender las capacidades que posee para producirlos. Aunque ambos enfoques est\u00e1n relacionados, responden a preguntas distintas y generan informaci\u00f3n diferente para la toma de decisiones. Una empresa puede conocer con precisi\u00f3n su crecimiento, rentabilidad, productividad o participaci\u00f3n de mercado y, aun as\u00ed, no tener una lectura suficiente sobre el nivel de desarrollo de las capacidades que sostienen esos resultados.<\/p>\n\n\n\n<p class=\"wp-block-paragraph\">Esta distinci\u00f3n adquiere importancia cuando la direcci\u00f3n necesita decidir no solamente qu\u00e9 est\u00e1 ocurriendo, sino por qu\u00e9 est\u00e1 ocurriendo, qu\u00e9 tan sostenible es el desempe\u00f1o actual y qu\u00e9 condiciones organizacionales deben fortalecerse para alcanzar objetivos futuros. Medir permite observar y cuantificar determinados resultados; evaluar capacidades exige analizar estructuras, conocimientos, procesos, pr\u00e1cticas y comportamientos que determinan la posibilidad de generar esos resultados de manera consistente.<\/p>\n\n\n\n<h3 class=\"wp-block-heading has-medium-font-size\">La diferencia entre resultado y capacidad<\/h3>\n\n\n\n<p class=\"wp-block-paragraph\">Un indicador de desempe\u00f1o representa una condici\u00f3n observable de la organizaci\u00f3n en un periodo determinado. Ventas, margen operativo, productividad, rotaci\u00f3n de inventarios, cumplimiento de objetivos comerciales, tiempos de respuesta o satisfacci\u00f3n del cliente pueden ser medidos mediante indicadores espec\u00edficos y comparables.<\/p>\n\n\n\n<p class=\"wp-block-paragraph\">Sin embargo, un resultado no constituye por s\u00ed mismo una evidencia suficiente sobre el nivel de desarrollo de una capacidad. Una empresa puede presentar un incremento significativo en ventas sin haber fortalecido proporcionalmente sus capacidades comerciales. El crecimiento puede haber sido consecuencia de una condici\u00f3n favorable del mercado, de un contrato extraordinario, de una estrategia temporal de precios o de factores externos que no necesariamente representan una mejora estructural.<\/p>\n\n\n\n<p class=\"wp-block-paragraph\">La capacidad, en cambio, se relaciona con aquello que permite a la organizaci\u00f3n producir resultados de manera repetible, adaptable y sostenible. Una capacidad comercial desarrollada no consiste \u00fanicamente en vender m\u00e1s durante un periodo, sino en disponer de procesos, conocimientos, informaci\u00f3n, talento, herramientas y mecanismos de gesti\u00f3n que permitan identificar oportunidades, comprender al cliente, desarrollar propuestas de valor y convertirlas en resultados comerciales bajo diferentes condiciones de mercado.<\/p>\n\n\n\n<p class=\"wp-block-paragraph\">Por esta raz\u00f3n, medir el desempe\u00f1o responde principalmente a preguntas como cu\u00e1nto se produjo, cu\u00e1nto se vendi\u00f3, qu\u00e9 margen se obtuvo o qu\u00e9 objetivos fueron alcanzados. Evaluar capacidades busca responder preguntas de otra naturaleza: qu\u00e9 tan desarrollada est\u00e1 una determinada capacidad, qu\u00e9 elementos la sustentan, qu\u00e9 brechas presenta y qu\u00e9 nivel de desarrollo requiere la organizaci\u00f3n para cumplir sus objetivos.<\/p>\n\n\n\n<h3 class=\"wp-block-heading has-medium-font-size\">El desempe\u00f1o puede ser favorable mientras las capacidades permanecen estancadas<\/h3>\n\n\n\n<p class=\"wp-block-paragraph\">Uno de los principales riesgos de concentrar la gesti\u00f3n exclusivamente en indicadores de resultados es asumir que un desempe\u00f1o favorable equivale autom\u00e1ticamente a una organizaci\u00f3n fortalecida.<\/p>\n\n\n\n<p class=\"wp-block-paragraph\">Los resultados pueden mejorar mientras las capacidades permanecen constantes, e incluso mientras algunas de ellas comienzan a deteriorarse. Esta situaci\u00f3n puede producirse cuando las condiciones externas compensan temporalmente determinadas debilidades internas o cuando la empresa utiliza recursos acumulados durante periodos anteriores sin desarrollar nuevas capacidades al mismo ritmo.<\/p>\n\n\n\n<p class=\"wp-block-paragraph\">Algunos escenarios permiten observar esta diferencia:<\/p>\n\n\n\n<ul class=\"wp-block-list\">\n<li>Una empresa puede incrementar sus ventas sin mejorar su capacidad para gestionar relaciones comerciales.<\/li>\n\n\n\n<li>Una organizaci\u00f3n puede elevar su productividad sin haber desarrollado mecanismos para sostener esa mejora.<\/li>\n\n\n\n<li>Una compa\u00f1\u00eda puede implementar una nueva tecnolog\u00eda sin desarrollar las capacidades necesarias para aprovecharla.<\/li>\n\n\n\n<li>Un negocio puede mantener buenos niveles de servicio mientras depende excesivamente de personas clave.<\/li>\n\n\n\n<li>Una empresa puede conservar su posici\u00f3n de mercado mientras reduce progresivamente su capacidad de innovaci\u00f3n.<\/li>\n<\/ul>\n\n\n\n<p class=\"wp-block-paragraph\">En estos casos, los indicadores pueden continuar mostrando resultados positivos. Sin embargo, la estructura que sostiene esos resultados puede estar generando nuevas vulnerabilidades.<\/p>\n\n\n\n<p class=\"wp-block-paragraph\">El problema no reside en utilizar indicadores de desempe\u00f1o. Al contrario, estos constituyen instrumentos esenciales para la gesti\u00f3n. La dificultad aparece cuando se pretende obtener de ellos conclusiones que exceden lo que realmente pueden demostrar. Un indicador puede se\u00f1alar una variaci\u00f3n; no necesariamente explica por s\u00ed solo la capacidad organizacional que produjo esa variaci\u00f3n.<\/p>\n\n\n\n<h3 class=\"wp-block-heading has-medium-font-size\">Evaluar capacidades requiere una perspectiva multidimensional<\/h3>\n\n\n\n<p class=\"wp-block-paragraph\">La evaluaci\u00f3n de capacidades requiere ampliar el campo de an\u00e1lisis. Una capacidad empresarial no existe de manera aislada, sino que se configura a partir de diferentes componentes que deben funcionar de forma articulada.<\/p>\n\n\n\n<p class=\"wp-block-paragraph\">Evaluar una capacidad implica considerar, seg\u00fan su naturaleza, elementos como conocimientos, competencias, procesos, recursos, tecnolog\u00eda, estructuras de decisi\u00f3n, metodolog\u00edas, sistemas de informaci\u00f3n, pr\u00e1cticas de gesti\u00f3n y mecanismos de seguimiento. Tambi\u00e9n requiere determinar si estos elementos est\u00e1n formalizados, si se aplican de manera consistente y si producen resultados verificables.<\/p>\n\n\n\n<p class=\"wp-block-paragraph\">Por ejemplo, evaluar la capacidad de innovaci\u00f3n de una organizaci\u00f3n no deber\u00eda limitarse a contabilizar cu\u00e1ntos productos nuevos lanz\u00f3 durante un a\u00f1o. Es necesario analizar si existen mecanismos para identificar oportunidades, gestionar ideas, experimentar, asignar recursos, incorporar conocimiento, asumir riesgos controlados y convertir iniciativas en soluciones que generen valor.<\/p>\n\n\n\n<p class=\"wp-block-paragraph\">De forma similar, evaluar la capacidad de gesti\u00f3n del talento no consiste \u00fanicamente en conocer la rotaci\u00f3n del personal o el n\u00famero de empleados capacitados. Tambi\u00e9n requiere analizar c\u00f3mo la organizaci\u00f3n identifica necesidades de talento, desarrolla competencias, gestiona el conocimiento, planifica la sucesi\u00f3n y alinea el desarrollo profesional con sus objetivos estrat\u00e9gicos.<\/p>\n\n\n\n<p class=\"wp-block-paragraph\">Esta perspectiva multidimensional permite pasar de una lectura descriptiva a una evaluaci\u00f3n del nivel de desarrollo organizacional. El objetivo deja de ser \u00fanicamente determinar qu\u00e9 resultado se obtuvo y comienza a incluir la identificaci\u00f3n de las condiciones que permiten sostener, replicar o mejorar dicho resultado.<\/p>\n\n\n\n<h3 class=\"wp-block-heading has-medium-font-size\">De la medici\u00f3n a la gesti\u00f3n de brechas<\/h3>\n\n\n\n<p class=\"wp-block-paragraph\">La utilidad de evaluar capacidades aumenta cuando los resultados de esa evaluaci\u00f3n pueden transformarse en decisiones concretas de desarrollo. Para ello, es necesario establecer criterios que permitan determinar el nivel actual de una capacidad y contrastarlo con el nivel requerido por la estrategia, el entorno competitivo o los objetivos de la organizaci\u00f3n.<\/p>\n\n\n\n<p class=\"wp-block-paragraph\">La diferencia entre ambas condiciones constituye una brecha de capacidad.<\/p>\n\n\n\n<p class=\"wp-block-paragraph\">Identificar una brecha no significa necesariamente se\u00f1alar una deficiencia. Una organizaci\u00f3n puede encontrarse en un nivel adecuado para su situaci\u00f3n actual y, al mismo tiempo, necesitar desarrollar nuevas capacidades para alcanzar una estrategia futura. La evaluaci\u00f3n adquiere as\u00ed una dimensi\u00f3n prospectiva: no solamente permite observar d\u00f3nde se encuentra la empresa, sino determinar qu\u00e9 necesita fortalecer para responder a las condiciones que enfrentar\u00e1.<\/p>\n\n\n\n<p class=\"wp-block-paragraph\">Este enfoque modifica tambi\u00e9n la forma de priorizar inversiones y esfuerzos de mejora. En lugar de desarrollar capacidades de manera generalizada, la organizaci\u00f3n puede concentrar recursos en aquellas brechas cuya incidencia estrat\u00e9gica sea mayor.<\/p>\n\n\n\n<p class=\"wp-block-paragraph\">Para ello, los indicadores contin\u00faan siendo necesarios. Permiten establecer l\u00edneas base, identificar tendencias, comparar periodos, monitorear avances y determinar si las acciones implementadas est\u00e1n produciendo resultados. La diferencia es que dejan de utilizarse como sustitutos de la evaluaci\u00f3n y pasan a formar parte de un sistema m\u00e1s amplio de gesti\u00f3n.<\/p>\n\n\n\n<p class=\"wp-block-paragraph\">En este sentido, medir y evaluar no son procesos excluyentes. Son mecanismos complementarios que cumplen funciones diferentes dentro de una gesti\u00f3n orientada al desarrollo organizacional. La medici\u00f3n aporta evidencia cuantificable sobre determinados fen\u00f3menos; la evaluaci\u00f3n permite interpretar esa evidencia dentro de un marco de criterios y determinar el nivel de desarrollo de una capacidad.<\/p>\n\n\n\n<p class=\"wp-block-paragraph\">Una empresa que integra ambos enfoques obtiene una visi\u00f3n m\u00e1s completa de su realidad. Puede conocer sus resultados actuales, comprender las capacidades que los sostienen, identificar brechas relevantes y establecer prioridades de desarrollo con mayor fundamento.<\/p>\n\n\n\n<p class=\"wp-block-paragraph\">Para organizaciones que operan en entornos caracterizados por cambios tecnol\u00f3gicos, presi\u00f3n competitiva, transformaci\u00f3n de los mercados y nuevas exigencias de los clientes, esta distinci\u00f3n adquiere una importancia estrat\u00e9gica. Los resultados actuales pueden confirmar que una empresa est\u00e1 funcionando; la evaluaci\u00f3n de capacidades permite determinar si est\u00e1 desarrollando las condiciones necesarias para continuar haci\u00e9ndolo bajo escenarios diferentes.<\/p>\n\n\n\n<p class=\"wp-block-paragraph\">En INCIE, la evaluaci\u00f3n de capacidades forma parte de una perspectiva integral de competitividad e innovaci\u00f3n. A trav\u00e9s de criterios, metodolog\u00edas, indicadores y evidencia verificable, es posible analizar diferentes dimensiones del desarrollo organizacional, identificar niveles de madurez y establecer brechas que orienten procesos de fortalecimiento.<\/p>\n\n\n\n<p class=\"wp-block-paragraph\">Porque una organizaci\u00f3n no mejora \u00fanicamente cuando incrementa sus indicadores. Mejora cuando comprende qu\u00e9 capacidades necesita desarrollar, determina objetivamente d\u00f3nde se encuentran sus brechas y convierte esa informaci\u00f3n en decisiones capaces de fortalecer su desempe\u00f1o presente y futuro.<\/p>\n","protected":false},"excerpt":{"rendered":"<p>En la gesti\u00f3n empresarial existe una diferencia fundamental entre conocer\u2026<\/p>\n","protected":false},"author":2,"featured_media":2206,"comment_status":"closed","ping_status":"closed","sticky":false,"template":"","format":"standard","meta":{"_jetpack_newsletter_access":"","_jetpack_dont_email_post_to_subs":false,"_jetpack_newsletter_tier_id":0,"_jetpack_memberships_contains_paywalled_content":false,"_jetpack_feature_clip_id":0,"_jetpack_memberships_contains_paid_content":false,"footnotes":"","jetpack_post_was_ever_published":false},"categories":[61,6,41,35,57],"tags":[],"class_list":["post-2204","post","type-post","status-publish","format-standard","has-post-thumbnail","hentry","category-administracion","category-blog","category-competitividad","category-liderazgo","category-recurso-humano"],"yoast_head":"<!-- This site is optimized with the Yoast SEO plugin v28.4 - https:\/\/yoast.com\/product\/yoast-seo-wordpress\/ -->\n<title>Desempe\u00f1o y capacidades: dos dimensiones distintas de la gesti\u00f3n empresarial - Instituto para la competitividad, Innovaci\u00f3n y Desarrollo Empresarial<\/title>\n<meta name=\"robots\" content=\"index, follow, max-snippet:-1, max-image-preview:large, max-video-preview:-1\" \/>\n<link rel=\"canonical\" href=\"https:\/\/incie.org\/latam\/desempeno-y-capacidades-dos-dimensiones-distintas-de-la-gestion-empresarial\/\" \/>\n<meta property=\"og:locale\" content=\"es_ES\" \/>\n<meta property=\"og:type\" content=\"article\" \/>\n<meta property=\"og:title\" content=\"Desempe\u00f1o y capacidades: dos dimensiones distintas de la gesti\u00f3n empresarial - Instituto para la competitividad, Innovaci\u00f3n y Desarrollo Empresarial\" \/>\n<meta property=\"og:description\" content=\"En la gesti\u00f3n empresarial existe una diferencia fundamental entre conocer\u2026\" \/>\n<meta property=\"og:url\" content=\"https:\/\/incie.org\/latam\/desempeno-y-capacidades-dos-dimensiones-distintas-de-la-gestion-empresarial\/\" \/>\n<meta property=\"og:site_name\" content=\"Instituto para la competitividad, Innovaci\u00f3n y Desarrollo Empresarial\" \/>\n<meta property=\"article:published_time\" content=\"2026-09-04T22:24:52+00:00\" \/>\n<meta property=\"article:modified_time\" content=\"2026-09-04T22:24:54+00:00\" \/>\n<meta property=\"og:image\" content=\"https:\/\/incie.org\/latam\/wp-content\/uploads\/2026\/09\/042.jpg\" \/>\n\t<meta property=\"og:image:width\" content=\"730\" \/>\n\t<meta property=\"og:image:height\" content=\"316\" \/>\n\t<meta property=\"og:image:type\" content=\"image\/jpeg\" \/>\n<meta name=\"author\" content=\"Jonathan Masin\" \/>\n<meta name=\"twitter:card\" content=\"summary_large_image\" \/>\n<meta name=\"twitter:label1\" content=\"Escrito por\" \/>\n\t<meta name=\"twitter:data1\" content=\"Jonathan Masin\" \/>\n\t<meta name=\"twitter:label2\" content=\"Tiempo de lectura\" \/>\n\t<meta name=\"twitter:data2\" content=\"7 minutos\" \/>\n<script type=\"application\/ld+json\" class=\"yoast-schema-graph\">{\"@context\":\"https:\\\/\\\/schema.org\",\"@graph\":[{\"@type\":\"Article\",\"@id\":\"https:\\\/\\\/incie.org\\\/latam\\\/desempeno-y-capacidades-dos-dimensiones-distintas-de-la-gestion-empresarial\\\/#article\",\"isPartOf\":{\"@id\":\"https:\\\/\\\/incie.org\\\/latam\\\/desempeno-y-capacidades-dos-dimensiones-distintas-de-la-gestion-empresarial\\\/\"},\"author\":{\"name\":\"Jonathan Masin\",\"@id\":\"https:\\\/\\\/incie.org\\\/latam\\\/#\\\/schema\\\/person\\\/43ce5218a840b648e3f68da0d82cef01\"},\"headline\":\"Desempe\u00f1o y capacidades: dos dimensiones distintas de la gesti\u00f3n empresarial\",\"datePublished\":\"2026-09-04T22:24:52+00:00\",\"dateModified\":\"2026-09-04T22:24:54+00:00\",\"mainEntityOfPage\":{\"@id\":\"https:\\\/\\\/incie.org\\\/latam\\\/desempeno-y-capacidades-dos-dimensiones-distintas-de-la-gestion-empresarial\\\/\"},\"wordCount\":1420,\"publisher\":{\"@id\":\"https:\\\/\\\/incie.org\\\/latam\\\/#organization\"},\"image\":{\"@id\":\"https:\\\/\\\/incie.org\\\/latam\\\/desempeno-y-capacidades-dos-dimensiones-distintas-de-la-gestion-empresarial\\\/#primaryimage\"},\"thumbnailUrl\":\"https:\\\/\\\/i0.wp.com\\\/incie.org\\\/latam\\\/wp-content\\\/uploads\\\/2026\\\/09\\\/042.jpg?fit=730%2C316&ssl=1\",\"articleSection\":[\"Administraci\u00f3n\",\"Blog\",\"Competitividad\",\"Liderazgo\",\"Recurso Humano\"],\"inLanguage\":\"es\"},{\"@type\":\"WebPage\",\"@id\":\"https:\\\/\\\/incie.org\\\/latam\\\/desempeno-y-capacidades-dos-dimensiones-distintas-de-la-gestion-empresarial\\\/\",\"url\":\"https:\\\/\\\/incie.org\\\/latam\\\/desempeno-y-capacidades-dos-dimensiones-distintas-de-la-gestion-empresarial\\\/\",\"name\":\"Desempe\u00f1o y capacidades: dos dimensiones distintas de la gesti\u00f3n empresarial - Instituto para la competitividad, Innovaci\u00f3n y Desarrollo Empresarial\",\"isPartOf\":{\"@id\":\"https:\\\/\\\/incie.org\\\/latam\\\/#website\"},\"primaryImageOfPage\":{\"@id\":\"https:\\\/\\\/incie.org\\\/latam\\\/desempeno-y-capacidades-dos-dimensiones-distintas-de-la-gestion-empresarial\\\/#primaryimage\"},\"image\":{\"@id\":\"https:\\\/\\\/incie.org\\\/latam\\\/desempeno-y-capacidades-dos-dimensiones-distintas-de-la-gestion-empresarial\\\/#primaryimage\"},\"thumbnailUrl\":\"https:\\\/\\\/i0.wp.com\\\/incie.org\\\/latam\\\/wp-content\\\/uploads\\\/2026\\\/09\\\/042.jpg?fit=730%2C316&ssl=1\",\"datePublished\":\"2026-09-04T22:24:52+00:00\",\"dateModified\":\"2026-09-04T22:24:54+00:00\",\"breadcrumb\":{\"@id\":\"https:\\\/\\\/incie.org\\\/latam\\\/desempeno-y-capacidades-dos-dimensiones-distintas-de-la-gestion-empresarial\\\/#breadcrumb\"},\"inLanguage\":\"es\",\"potentialAction\":[{\"@type\":\"ReadAction\",\"target\":[\"https:\\\/\\\/incie.org\\\/latam\\\/desempeno-y-capacidades-dos-dimensiones-distintas-de-la-gestion-empresarial\\\/\"]}]},{\"@type\":\"ImageObject\",\"inLanguage\":\"es\",\"@id\":\"https:\\\/\\\/incie.org\\\/latam\\\/desempeno-y-capacidades-dos-dimensiones-distintas-de-la-gestion-empresarial\\\/#primaryimage\",\"url\":\"https:\\\/\\\/i0.wp.com\\\/incie.org\\\/latam\\\/wp-content\\\/uploads\\\/2026\\\/09\\\/042.jpg?fit=730%2C316&ssl=1\",\"contentUrl\":\"https:\\\/\\\/i0.wp.com\\\/incie.org\\\/latam\\\/wp-content\\\/uploads\\\/2026\\\/09\\\/042.jpg?fit=730%2C316&ssl=1\",\"width\":730,\"height\":316},{\"@type\":\"BreadcrumbList\",\"@id\":\"https:\\\/\\\/incie.org\\\/latam\\\/desempeno-y-capacidades-dos-dimensiones-distintas-de-la-gestion-empresarial\\\/#breadcrumb\",\"itemListElement\":[{\"@type\":\"ListItem\",\"position\":1,\"name\":\"Home\",\"item\":\"https:\\\/\\\/incie.org\\\/latam\\\/\"},{\"@type\":\"ListItem\",\"position\":2,\"name\":\"Desempe\u00f1o y capacidades: dos dimensiones distintas de la gesti\u00f3n empresarial\"}]},{\"@type\":\"WebSite\",\"@id\":\"https:\\\/\\\/incie.org\\\/latam\\\/#website\",\"url\":\"https:\\\/\\\/incie.org\\\/latam\\\/\",\"name\":\"Instituto para la competitividad, Innovaci\u00f3n y Desarrollo Empresarial\",\"description\":\"\",\"publisher\":{\"@id\":\"https:\\\/\\\/incie.org\\\/latam\\\/#organization\"},\"potentialAction\":[{\"@type\":\"SearchAction\",\"target\":{\"@type\":\"EntryPoint\",\"urlTemplate\":\"https:\\\/\\\/incie.org\\\/latam\\\/?s={search_term_string}\"},\"query-input\":{\"@type\":\"PropertyValueSpecification\",\"valueRequired\":true,\"valueName\":\"search_term_string\"}}],\"inLanguage\":\"es\"},{\"@type\":\"Organization\",\"@id\":\"https:\\\/\\\/incie.org\\\/latam\\\/#organization\",\"name\":\"Instituto para la competitividad, Innovaci\u00f3n y Desarrollo Empresarial\",\"url\":\"https:\\\/\\\/incie.org\\\/latam\\\/\",\"logo\":{\"@type\":\"ImageObject\",\"inLanguage\":\"es\",\"@id\":\"https:\\\/\\\/incie.org\\\/latam\\\/#\\\/schema\\\/logo\\\/image\\\/\",\"url\":\"https:\\\/\\\/i0.wp.com\\\/incie.org\\\/latam\\\/wp-content\\\/uploads\\\/2025\\\/12\\\/cropped-LOGOO-INCIE-AZUL-01-P.png?fit=185%2C45&ssl=1\",\"contentUrl\":\"https:\\\/\\\/i0.wp.com\\\/incie.org\\\/latam\\\/wp-content\\\/uploads\\\/2025\\\/12\\\/cropped-LOGOO-INCIE-AZUL-01-P.png?fit=185%2C45&ssl=1\",\"width\":185,\"height\":45,\"caption\":\"Instituto para la competitividad, Innovaci\u00f3n y Desarrollo Empresarial\"},\"image\":{\"@id\":\"https:\\\/\\\/incie.org\\\/latam\\\/#\\\/schema\\\/logo\\\/image\\\/\"}},{\"@type\":\"Person\",\"@id\":\"https:\\\/\\\/incie.org\\\/latam\\\/#\\\/schema\\\/person\\\/43ce5218a840b648e3f68da0d82cef01\",\"name\":\"Jonathan Masin\",\"image\":{\"@type\":\"ImageObject\",\"inLanguage\":\"es\",\"@id\":\"https:\\\/\\\/secure.gravatar.com\\\/avatar\\\/dc5d4ce544e3a89ecde6b1117f9a6d595f8b7a185b21321b721c458ca9a4349a?s=96&d=mm&r=g\",\"url\":\"https:\\\/\\\/secure.gravatar.com\\\/avatar\\\/dc5d4ce544e3a89ecde6b1117f9a6d595f8b7a185b21321b721c458ca9a4349a?s=96&d=mm&r=g\",\"contentUrl\":\"https:\\\/\\\/secure.gravatar.com\\\/avatar\\\/dc5d4ce544e3a89ecde6b1117f9a6d595f8b7a185b21321b721c458ca9a4349a?s=96&d=mm&r=g\",\"caption\":\"Jonathan Masin\"},\"url\":\"https:\\\/\\\/incie.org\\\/latam\\\/author\\\/jonamasin\\\/\"}]}<\/script>\n<!-- \/ Yoast SEO plugin. -->","yoast_head_json":{"title":"Desempe\u00f1o y capacidades: dos dimensiones distintas de la gesti\u00f3n empresarial - Instituto para la competitividad, Innovaci\u00f3n y Desarrollo Empresarial","robots":{"index":"index","follow":"follow","max-snippet":"max-snippet:-1","max-image-preview":"max-image-preview:large","max-video-preview":"max-video-preview:-1"},"canonical":"https:\/\/incie.org\/latam\/desempeno-y-capacidades-dos-dimensiones-distintas-de-la-gestion-empresarial\/","og_locale":"es_ES","og_type":"article","og_title":"Desempe\u00f1o y capacidades: dos dimensiones distintas de la gesti\u00f3n empresarial - Instituto para la competitividad, Innovaci\u00f3n y Desarrollo Empresarial","og_description":"En la gesti\u00f3n empresarial existe una diferencia fundamental entre conocer\u2026","og_url":"https:\/\/incie.org\/latam\/desempeno-y-capacidades-dos-dimensiones-distintas-de-la-gestion-empresarial\/","og_site_name":"Instituto para la competitividad, Innovaci\u00f3n y Desarrollo Empresarial","article_published_time":"2026-09-04T22:24:52+00:00","article_modified_time":"2026-09-04T22:24:54+00:00","og_image":[{"width":730,"height":316,"url":"https:\/\/incie.org\/latam\/wp-content\/uploads\/2026\/09\/042.jpg","type":"image\/jpeg"}],"author":"Jonathan Masin","twitter_card":"summary_large_image","twitter_misc":{"Escrito por":"Jonathan Masin","Tiempo de lectura":"7 minutos"},"schema":{"@context":"https:\/\/schema.org","@graph":[{"@type":"Article","@id":"https:\/\/incie.org\/latam\/desempeno-y-capacidades-dos-dimensiones-distintas-de-la-gestion-empresarial\/#article","isPartOf":{"@id":"https:\/\/incie.org\/latam\/desempeno-y-capacidades-dos-dimensiones-distintas-de-la-gestion-empresarial\/"},"author":{"name":"Jonathan Masin","@id":"https:\/\/incie.org\/latam\/#\/schema\/person\/43ce5218a840b648e3f68da0d82cef01"},"headline":"Desempe\u00f1o y capacidades: dos dimensiones distintas de la gesti\u00f3n empresarial","datePublished":"2026-09-04T22:24:52+00:00","dateModified":"2026-09-04T22:24:54+00:00","mainEntityOfPage":{"@id":"https:\/\/incie.org\/latam\/desempeno-y-capacidades-dos-dimensiones-distintas-de-la-gestion-empresarial\/"},"wordCount":1420,"publisher":{"@id":"https:\/\/incie.org\/latam\/#organization"},"image":{"@id":"https:\/\/incie.org\/latam\/desempeno-y-capacidades-dos-dimensiones-distintas-de-la-gestion-empresarial\/#primaryimage"},"thumbnailUrl":"https:\/\/i0.wp.com\/incie.org\/latam\/wp-content\/uploads\/2026\/09\/042.jpg?fit=730%2C316&ssl=1","articleSection":["Administraci\u00f3n","Blog","Competitividad","Liderazgo","Recurso Humano"],"inLanguage":"es"},{"@type":"WebPage","@id":"https:\/\/incie.org\/latam\/desempeno-y-capacidades-dos-dimensiones-distintas-de-la-gestion-empresarial\/","url":"https:\/\/incie.org\/latam\/desempeno-y-capacidades-dos-dimensiones-distintas-de-la-gestion-empresarial\/","name":"Desempe\u00f1o y capacidades: dos dimensiones distintas de la gesti\u00f3n empresarial - Instituto para la competitividad, Innovaci\u00f3n y Desarrollo Empresarial","isPartOf":{"@id":"https:\/\/incie.org\/latam\/#website"},"primaryImageOfPage":{"@id":"https:\/\/incie.org\/latam\/desempeno-y-capacidades-dos-dimensiones-distintas-de-la-gestion-empresarial\/#primaryimage"},"image":{"@id":"https:\/\/incie.org\/latam\/desempeno-y-capacidades-dos-dimensiones-distintas-de-la-gestion-empresarial\/#primaryimage"},"thumbnailUrl":"https:\/\/i0.wp.com\/incie.org\/latam\/wp-content\/uploads\/2026\/09\/042.jpg?fit=730%2C316&ssl=1","datePublished":"2026-09-04T22:24:52+00:00","dateModified":"2026-09-04T22:24:54+00:00","breadcrumb":{"@id":"https:\/\/incie.org\/latam\/desempeno-y-capacidades-dos-dimensiones-distintas-de-la-gestion-empresarial\/#breadcrumb"},"inLanguage":"es","potentialAction":[{"@type":"ReadAction","target":["https:\/\/incie.org\/latam\/desempeno-y-capacidades-dos-dimensiones-distintas-de-la-gestion-empresarial\/"]}]},{"@type":"ImageObject","inLanguage":"es","@id":"https:\/\/incie.org\/latam\/desempeno-y-capacidades-dos-dimensiones-distintas-de-la-gestion-empresarial\/#primaryimage","url":"https:\/\/i0.wp.com\/incie.org\/latam\/wp-content\/uploads\/2026\/09\/042.jpg?fit=730%2C316&ssl=1","contentUrl":"https:\/\/i0.wp.com\/incie.org\/latam\/wp-content\/uploads\/2026\/09\/042.jpg?fit=730%2C316&ssl=1","width":730,"height":316},{"@type":"BreadcrumbList","@id":"https:\/\/incie.org\/latam\/desempeno-y-capacidades-dos-dimensiones-distintas-de-la-gestion-empresarial\/#breadcrumb","itemListElement":[{"@type":"ListItem","position":1,"name":"Home","item":"https:\/\/incie.org\/latam\/"},{"@type":"ListItem","position":2,"name":"Desempe\u00f1o y capacidades: dos dimensiones distintas de la gesti\u00f3n empresarial"}]},{"@type":"WebSite","@id":"https:\/\/incie.org\/latam\/#website","url":"https:\/\/incie.org\/latam\/","name":"Instituto para la competitividad, Innovaci\u00f3n y Desarrollo Empresarial","description":"","publisher":{"@id":"https:\/\/incie.org\/latam\/#organization"},"potentialAction":[{"@type":"SearchAction","target":{"@type":"EntryPoint","urlTemplate":"https:\/\/incie.org\/latam\/?s={search_term_string}"},"query-input":{"@type":"PropertyValueSpecification","valueRequired":true,"valueName":"search_term_string"}}],"inLanguage":"es"},{"@type":"Organization","@id":"https:\/\/incie.org\/latam\/#organization","name":"Instituto para la competitividad, Innovaci\u00f3n y Desarrollo Empresarial","url":"https:\/\/incie.org\/latam\/","logo":{"@type":"ImageObject","inLanguage":"es","@id":"https:\/\/incie.org\/latam\/#\/schema\/logo\/image\/","url":"https:\/\/i0.wp.com\/incie.org\/latam\/wp-content\/uploads\/2025\/12\/cropped-LOGOO-INCIE-AZUL-01-P.png?fit=185%2C45&ssl=1","contentUrl":"https:\/\/i0.wp.com\/incie.org\/latam\/wp-content\/uploads\/2025\/12\/cropped-LOGOO-INCIE-AZUL-01-P.png?fit=185%2C45&ssl=1","width":185,"height":45,"caption":"Instituto para la competitividad, Innovaci\u00f3n y Desarrollo Empresarial"},"image":{"@id":"https:\/\/incie.org\/latam\/#\/schema\/logo\/image\/"}},{"@type":"Person","@id":"https:\/\/incie.org\/latam\/#\/schema\/person\/43ce5218a840b648e3f68da0d82cef01","name":"Jonathan Masin","image":{"@type":"ImageObject","inLanguage":"es","@id":"https:\/\/secure.gravatar.com\/avatar\/dc5d4ce544e3a89ecde6b1117f9a6d595f8b7a185b21321b721c458ca9a4349a?s=96&d=mm&r=g","url":"https:\/\/secure.gravatar.com\/avatar\/dc5d4ce544e3a89ecde6b1117f9a6d595f8b7a185b21321b721c458ca9a4349a?s=96&d=mm&r=g","contentUrl":"https:\/\/secure.gravatar.com\/avatar\/dc5d4ce544e3a89ecde6b1117f9a6d595f8b7a185b21321b721c458ca9a4349a?s=96&d=mm&r=g","caption":"Jonathan Masin"},"url":"https:\/\/incie.org\/latam\/author\/jonamasin\/"}]}},"jetpack_sharing_enabled":true,"jetpack_featured_media_url":"https:\/\/i0.wp.com\/incie.org\/latam\/wp-content\/uploads\/2026\/09\/042.jpg?fit=730%2C316&ssl=1","_links":{"self":[{"href":"https:\/\/incie.org\/latam\/wp-json\/wp\/v2\/posts\/2204","targetHints":{"allow":["GET"]}}],"collection":[{"href":"https:\/\/incie.org\/latam\/wp-json\/wp\/v2\/posts"}],"about":[{"href":"https:\/\/incie.org\/latam\/wp-json\/wp\/v2\/types\/post"}],"author":[{"embeddable":true,"href":"https:\/\/incie.org\/latam\/wp-json\/wp\/v2\/users\/2"}],"replies":[{"embeddable":true,"href":"https:\/\/incie.org\/latam\/wp-json\/wp\/v2\/comments?post=2204"}],"version-history":[{"count":1,"href":"https:\/\/incie.org\/latam\/wp-json\/wp\/v2\/posts\/2204\/revisions"}],"predecessor-version":[{"id":2205,"href":"https:\/\/incie.org\/latam\/wp-json\/wp\/v2\/posts\/2204\/revisions\/2205"}],"wp:featuredmedia":[{"embeddable":true,"href":"https:\/\/incie.org\/latam\/wp-json\/wp\/v2\/media\/2206"}],"wp:attachment":[{"href":"https:\/\/incie.org\/latam\/wp-json\/wp\/v2\/media?parent=2204"}],"wp:term":[{"taxonomy":"category","embeddable":true,"href":"https:\/\/incie.org\/latam\/wp-json\/wp\/v2\/categories?post=2204"},{"taxonomy":"post_tag","embeddable":true,"href":"https:\/\/incie.org\/latam\/wp-json\/wp\/v2\/tags?post=2204"}],"curies":[{"name":"wp","href":"https:\/\/api.w.org\/{rel}","templated":true}]}}