{"id":1396,"date":"2022-04-02T22:08:57","date_gmt":"2022-04-02T22:08:57","guid":{"rendered":"https:\/\/incie.org\/latam\/?p=1396"},"modified":"2022-04-02T22:32:17","modified_gmt":"2022-04-02T22:32:17","slug":"nuevas-habilidades-para-priorizar-para-contratacion-de-personal","status":"publish","type":"post","link":"https:\/\/incie.org\/latam\/nuevas-habilidades-para-priorizar-para-contratacion-de-personal\/","title":{"rendered":"Nuevas habilidades para priorizar para contrataci\u00f3n de personal"},"content":{"rendered":"\n<h2 class=\"wp-block-heading\" style=\"font-style:normal;font-weight:700\">Los encargados de contrataciones est\u00e1n cambiando su enfoque de contrataci\u00f3n y los instrumentos de aptitudes y habilidades se est\u00e1n renovando.<\/h2>\n\n\n\n<p>Para nadie es una sorpresa que el mundo que nos rodea est\u00e1 cambiando de forma acelerada. est\u00e1 claro que casi todas las empresas son empresas tecnol\u00f3gicas o empresas habilitadas por la tecnolog\u00eda. Los datos recientes de LinkedIn muestran que los conjuntos de habilidades para los trabajos han cambiado alrededor de un 25 % desde 2015, y se espera que para 2027 ese n\u00famero se duplique. Eso significa que su trabajo est\u00e1 cambiando, incluso si no est\u00e1 cambiando de trabajo, al igual que las demandas comerciales est\u00e1n cambiando, incluso si no est\u00e1 cambiando su negocio.<\/p>\n\n\n\n<p>Todo director ejecutivo y l\u00edder, debe de invertir tiempo en el an\u00e1lisis de las nuevas habilidades a emplear en sus compa\u00f1\u00edas.<\/p>\n\n\n\n<h2 class=\"wp-block-heading\" style=\"font-style:normal;font-weight:700\">La mejor manera de avanzar, para las personas, las empresas, las econom\u00edas y las sociedades, es una mentalidad de priorizar las habilidades.<\/h2>\n\n\n\n<p>Tradicionalmente, las personas han sido contratadas en funci\u00f3n principalmente del t\u00edtulo que obtuvieron, el trabajo que ten\u00edan o las personas que conoc\u00edan. Las habilidades no eran una gran parte de la conversaci\u00f3n cuando se contrataba, o en la econom\u00eda en general. Eso est\u00e1 cambiando. Los trabajadores comprenden mejor la necesidad de articular las habilidades que tienen y las habilidades que quieren, especialmente porque todos buscamos un trabajo que sea m\u00e1s gratificante. Y las empresas, ansiosas por ocupar puestos en este mercado laboral hist\u00f3ricamente ajustado, han comenzado a centrarse en si las personas tienen las habilidades para hacer el trabajo. Est\u00e1 surgiendo a nuestro alrededor un mercado laboral que prioriza las habilidades.<\/p>\n\n\n\n<p>Hacer que la contrataci\u00f3n sea m\u00e1s f\u00e1cil y eficiente centr\u00e1ndose en las habilidades.<\/p>\n\n\n\n<p>Tenemos que aprovechar este impulso. La contrataci\u00f3n de habilidades primero debe convertirse en la nueva forma de conectar el talento con la oportunidad. El Foro Econ\u00f3mico Mundial estima que necesitaremos volver a capacitar a m\u00e1s de mil millones de personas para 2030. Adem\u00e1s de las habilidades digitales, las habilidades interpersonales especializadas tendr\u00e1n una gran demanda en el nuevo lugar de trabajo h\u00edbrido. A medida que los trabajos evolucionan y exigen nuevas habilidades, los gerentes de contrataci\u00f3n deben centrarse menos en los t\u00edtulos y m\u00e1s en encontrar talento cuyas habilidades actuales coincidan con el puesto.<\/p>\n\n\n\n<p>Esto requiere un reinicio completo de pr\u00e1cticas de contrataci\u00f3n arraigadas desde hace mucho tiempo. Seg\u00fan una investigaci\u00f3n reciente de la Escuela de Negocios de Harvard, el 88 % de los contratantes siguen filtrando a los candidatos altamente calificados solo porque carecen de las credenciales tradicionales. Esto necesita cambiar urgentemente. Como muestran los nuevos datos de \u00faltimo informe de habilidades de Foro Econ\u00f3mico Mundial, la pandemia provoc\u00f3 una gran aceleraci\u00f3n en el avance de la tecnolog\u00eda en el lugar de trabajo.<\/p>\n\n\n\n<p>Un enfoque en la mejora de las habilidades requiere un cambio de mentalidad a nivel de gesti\u00f3n. Todos, desde arriba hacia abajo, deben comprender cu\u00e1n indispensables son el aprendizaje continuo y la mejora de las habilidades, no solo desde la perspectiva de crecimiento de un empleado, sino tambi\u00e9n para mantener la ventaja competitiva de una empresa.<\/p>\n\n\n\n<h2 class=\"wp-block-heading\" style=\"font-style:normal;font-weight:700\">Las organizaciones que mantienen a sus empleados al tanto de las nuevas tecnolog\u00edas son las que ver\u00e1n el \u00e9xito en este nuevo mundo laboral.<\/h2>\n\n\n\n<p>Por ejemplo, los profesionales de la ciberseguridad necesitan actualizar peri\u00f3dicamente sus habilidades debido al panorama de amenazas en curso y en evoluci\u00f3n. Constantemente se introducen nuevas tecnolog\u00edas de seguridad y, para seguir siendo relevantes en el mercado laboral, los empleados necesitan tiempo, y el permiso del empleador, para aprender las nuevas tecnolog\u00edas y estudiar para obtener certificaciones.<\/p>\n\n\n\n<p>Brindar a sus empleados la oportunidad de aprender y crecer ya no es un beneficio, es imprescindible. Los empleados ahora lo esperan. Y las empresas que se centran en la mejora de las cualificaciones y sobresalen en la movilidad interna pueden retener a los empleados durante una media de 5,4 a\u00f1os. Eso es casi el doble de tiempo que las empresas que luchan con \u00e9l, donde el per\u00edodo de retenci\u00f3n promedio es de 2,9 a\u00f1os.<\/p>\n\n\n\n<p>Los empleadores luchan por mantener a los grandes talentos, y la proporci\u00f3n de miembros de LinkedIn de EE. UU. que cambiaron de trabajo aument\u00f3 al 30 % en 2021 en comparaci\u00f3n con 2020. Los empleadores luchan por cubrir los puestos vacantes lo suficientemente r\u00e1pido y retener a los empleados. Esto se debe en gran parte a las expectativas cambiantes: los trabajadores ahora est\u00e1n m\u00e1s dispuestos a irse si las empresas no invierten en las cosas que les importan.<\/p>\n\n\n\n<p>Nunca en la historia del mercado laboral ha existido una manera clara o confiable de comprender si las personas y los trabajos se combinan de la manera m\u00e1s eficiente. El mercado laboral ha funcionado para algunos, pero no para todos: las habilidades pueden cambiar eso. Al aprovechar nuevos datos y herramientas que facilitan que las personas y las empresas identifiquen el talento en funci\u00f3n de las habilidades, junto con el acceso a la creaci\u00f3n de redes m\u00e1s diversificadas y equitativas, tenemos la capacidad de ayudar a cubrir los puestos de trabajo m\u00e1s demandados en funci\u00f3n de lo que un candidato puede hacer.<\/p>\n\n\n\n<p>Esto no solo crear\u00e1 una mayor equidad en nuestra econom\u00eda, sino tambi\u00e9n un mayor dinamismo. Crear\u00e1 nuevos niveles de progreso y prosperidad.<\/p>\n\n\n\n<div style=\"height:30px\" aria-hidden=\"true\" class=\"wp-block-spacer\"><\/div>\n\n\n\n<hr class=\"wp-block-separator is-style-wide\"\/>\n\n\n\n<p><\/p>\n","protected":false},"excerpt":{"rendered":"<p>Los encargados de contrataciones est\u00e1n cambiando su enfoque de contrataci\u00f3n\u2026<\/p>\n","protected":false},"author":1,"featured_media":1397,"comment_status":"closed","ping_status":"closed","sticky":false,"template":"","format":"standard","meta":{"nf_dc_page":"","om_disable_all_campaigns":false,"_jetpack_memberships_contains_paid_content":false,"footnotes":""},"categories":[6,41,40],"tags":[],"class_list":["post-1396","post","type-post","status-publish","format-standard","has-post-thumbnail","hentry","category-blog","category-competitividad","category-economia_y_finanzas"],"yoast_head":"<!-- This site is optimized with the Yoast SEO plugin v27.5 - https:\/\/yoast.com\/product\/yoast-seo-wordpress\/ -->\n<title>Nuevas habilidades para priorizar para contrataci\u00f3n de personal - Instituto para la competitividad, Innovaci\u00f3n y Desarrollo Empresarial<\/title>\n<meta name=\"robots\" content=\"index, follow, max-snippet:-1, max-image-preview:large, max-video-preview:-1\" \/>\n<link rel=\"canonical\" href=\"https:\/\/incie.org\/latam\/nuevas-habilidades-para-priorizar-para-contratacion-de-personal\/\" \/>\n<meta property=\"og:locale\" content=\"es_ES\" \/>\n<meta property=\"og:type\" content=\"article\" \/>\n<meta property=\"og:title\" content=\"Nuevas habilidades para priorizar para contrataci\u00f3n de personal - Instituto para la competitividad, Innovaci\u00f3n y Desarrollo Empresarial\" \/>\n<meta property=\"og:description\" content=\"Los encargados de contrataciones est\u00e1n cambiando su enfoque de contrataci\u00f3n\u2026\" \/>\n<meta property=\"og:url\" content=\"https:\/\/incie.org\/latam\/nuevas-habilidades-para-priorizar-para-contratacion-de-personal\/\" \/>\n<meta property=\"og:site_name\" content=\"Instituto para la competitividad, Innovaci\u00f3n y Desarrollo Empresarial\" \/>\n<meta property=\"article:published_time\" content=\"2022-04-02T22:08:57+00:00\" \/>\n<meta property=\"article:modified_time\" content=\"2022-04-02T22:32:17+00:00\" \/>\n<meta property=\"og:image\" content=\"https:\/\/incie.org\/latam\/wp-content\/uploads\/2022\/04\/n006.jpg\" \/>\n\t<meta property=\"og:image:width\" content=\"720\" \/>\n\t<meta property=\"og:image:height\" content=\"316\" \/>\n\t<meta property=\"og:image:type\" content=\"image\/jpeg\" \/>\n<meta name=\"author\" content=\"INCIE\" \/>\n<meta name=\"twitter:card\" content=\"summary_large_image\" \/>\n<meta name=\"twitter:label1\" content=\"Escrito por\" \/>\n\t<meta name=\"twitter:data1\" content=\"INCIE\" \/>\n\t<meta name=\"twitter:label2\" content=\"Tiempo de lectura\" \/>\n\t<meta name=\"twitter:data2\" content=\"4 minutos\" \/>\n<script type=\"application\/ld+json\" class=\"yoast-schema-graph\">{\"@context\":\"https:\\\/\\\/schema.org\",\"@graph\":[{\"@type\":\"Article\",\"@id\":\"https:\\\/\\\/incie.org\\\/latam\\\/nuevas-habilidades-para-priorizar-para-contratacion-de-personal\\\/#article\",\"isPartOf\":{\"@id\":\"https:\\\/\\\/incie.org\\\/latam\\\/nuevas-habilidades-para-priorizar-para-contratacion-de-personal\\\/\"},\"author\":{\"name\":\"INCIE\",\"@id\":\"https:\\\/\\\/incie.org\\\/latam\\\/#\\\/schema\\\/person\\\/e9139cdf7139a97e03d7cea281ff8c84\"},\"headline\":\"Nuevas habilidades para priorizar para contrataci\u00f3n de personal\",\"datePublished\":\"2022-04-02T22:08:57+00:00\",\"dateModified\":\"2022-04-02T22:32:17+00:00\",\"mainEntityOfPage\":{\"@id\":\"https:\\\/\\\/incie.org\\\/latam\\\/nuevas-habilidades-para-priorizar-para-contratacion-de-personal\\\/\"},\"wordCount\":930,\"publisher\":{\"@id\":\"https:\\\/\\\/incie.org\\\/latam\\\/#organization\"},\"image\":{\"@id\":\"https:\\\/\\\/incie.org\\\/latam\\\/nuevas-habilidades-para-priorizar-para-contratacion-de-personal\\\/#primaryimage\"},\"thumbnailUrl\":\"https:\\\/\\\/i0.wp.com\\\/incie.org\\\/latam\\\/wp-content\\\/uploads\\\/2022\\\/04\\\/n006.jpg?fit=720%2C316&ssl=1\",\"articleSection\":[\"Blog\",\"Competitividad\",\"Econom\u00eda y Finanzas\"],\"inLanguage\":\"es\"},{\"@type\":\"WebPage\",\"@id\":\"https:\\\/\\\/incie.org\\\/latam\\\/nuevas-habilidades-para-priorizar-para-contratacion-de-personal\\\/\",\"url\":\"https:\\\/\\\/incie.org\\\/latam\\\/nuevas-habilidades-para-priorizar-para-contratacion-de-personal\\\/\",\"name\":\"Nuevas habilidades para priorizar para contrataci\u00f3n de personal - Instituto para la competitividad, Innovaci\u00f3n y Desarrollo Empresarial\",\"isPartOf\":{\"@id\":\"https:\\\/\\\/incie.org\\\/latam\\\/#website\"},\"primaryImageOfPage\":{\"@id\":\"https:\\\/\\\/incie.org\\\/latam\\\/nuevas-habilidades-para-priorizar-para-contratacion-de-personal\\\/#primaryimage\"},\"image\":{\"@id\":\"https:\\\/\\\/incie.org\\\/latam\\\/nuevas-habilidades-para-priorizar-para-contratacion-de-personal\\\/#primaryimage\"},\"thumbnailUrl\":\"https:\\\/\\\/i0.wp.com\\\/incie.org\\\/latam\\\/wp-content\\\/uploads\\\/2022\\\/04\\\/n006.jpg?fit=720%2C316&ssl=1\",\"datePublished\":\"2022-04-02T22:08:57+00:00\",\"dateModified\":\"2022-04-02T22:32:17+00:00\",\"breadcrumb\":{\"@id\":\"https:\\\/\\\/incie.org\\\/latam\\\/nuevas-habilidades-para-priorizar-para-contratacion-de-personal\\\/#breadcrumb\"},\"inLanguage\":\"es\",\"potentialAction\":[{\"@type\":\"ReadAction\",\"target\":[\"https:\\\/\\\/incie.org\\\/latam\\\/nuevas-habilidades-para-priorizar-para-contratacion-de-personal\\\/\"]}]},{\"@type\":\"ImageObject\",\"inLanguage\":\"es\",\"@id\":\"https:\\\/\\\/incie.org\\\/latam\\\/nuevas-habilidades-para-priorizar-para-contratacion-de-personal\\\/#primaryimage\",\"url\":\"https:\\\/\\\/i0.wp.com\\\/incie.org\\\/latam\\\/wp-content\\\/uploads\\\/2022\\\/04\\\/n006.jpg?fit=720%2C316&ssl=1\",\"contentUrl\":\"https:\\\/\\\/i0.wp.com\\\/incie.org\\\/latam\\\/wp-content\\\/uploads\\\/2022\\\/04\\\/n006.jpg?fit=720%2C316&ssl=1\",\"width\":720,\"height\":316},{\"@type\":\"BreadcrumbList\",\"@id\":\"https:\\\/\\\/incie.org\\\/latam\\\/nuevas-habilidades-para-priorizar-para-contratacion-de-personal\\\/#breadcrumb\",\"itemListElement\":[{\"@type\":\"ListItem\",\"position\":1,\"name\":\"Home\",\"item\":\"https:\\\/\\\/incie.org\\\/latam\\\/\"},{\"@type\":\"ListItem\",\"position\":2,\"name\":\"Nuevas habilidades para priorizar para contrataci\u00f3n de personal\"}]},{\"@type\":\"WebSite\",\"@id\":\"https:\\\/\\\/incie.org\\\/latam\\\/#website\",\"url\":\"https:\\\/\\\/incie.org\\\/latam\\\/\",\"name\":\"Instituto para la competitividad, Innovaci\u00f3n y Desarrollo Empresarial\",\"description\":\"\",\"publisher\":{\"@id\":\"https:\\\/\\\/incie.org\\\/latam\\\/#organization\"},\"potentialAction\":[{\"@type\":\"SearchAction\",\"target\":{\"@type\":\"EntryPoint\",\"urlTemplate\":\"https:\\\/\\\/incie.org\\\/latam\\\/?s={search_term_string}\"},\"query-input\":{\"@type\":\"PropertyValueSpecification\",\"valueRequired\":true,\"valueName\":\"search_term_string\"}}],\"inLanguage\":\"es\"},{\"@type\":\"Organization\",\"@id\":\"https:\\\/\\\/incie.org\\\/latam\\\/#organization\",\"name\":\"Instituto para la competitividad, Innovaci\u00f3n y Desarrollo Empresarial\",\"url\":\"https:\\\/\\\/incie.org\\\/latam\\\/\",\"logo\":{\"@type\":\"ImageObject\",\"inLanguage\":\"es\",\"@id\":\"https:\\\/\\\/incie.org\\\/latam\\\/#\\\/schema\\\/logo\\\/image\\\/\",\"url\":\"https:\\\/\\\/i0.wp.com\\\/incie.org\\\/latam\\\/wp-content\\\/uploads\\\/2025\\\/12\\\/cropped-LOGOO-INCIE-AZUL-01-P.png?fit=185%2C45&ssl=1\",\"contentUrl\":\"https:\\\/\\\/i0.wp.com\\\/incie.org\\\/latam\\\/wp-content\\\/uploads\\\/2025\\\/12\\\/cropped-LOGOO-INCIE-AZUL-01-P.png?fit=185%2C45&ssl=1\",\"width\":185,\"height\":45,\"caption\":\"Instituto para la competitividad, Innovaci\u00f3n y Desarrollo Empresarial\"},\"image\":{\"@id\":\"https:\\\/\\\/incie.org\\\/latam\\\/#\\\/schema\\\/logo\\\/image\\\/\"}},{\"@type\":\"Person\",\"@id\":\"https:\\\/\\\/incie.org\\\/latam\\\/#\\\/schema\\\/person\\\/e9139cdf7139a97e03d7cea281ff8c84\",\"name\":\"INCIE\",\"image\":{\"@type\":\"ImageObject\",\"inLanguage\":\"es\",\"@id\":\"https:\\\/\\\/secure.gravatar.com\\\/avatar\\\/d75ba7229f3760c205c8944c98205e61cd3ca6979667021fb642852fee0e6323?s=96&d=mm&r=g\",\"url\":\"https:\\\/\\\/secure.gravatar.com\\\/avatar\\\/d75ba7229f3760c205c8944c98205e61cd3ca6979667021fb642852fee0e6323?s=96&d=mm&r=g\",\"contentUrl\":\"https:\\\/\\\/secure.gravatar.com\\\/avatar\\\/d75ba7229f3760c205c8944c98205e61cd3ca6979667021fb642852fee0e6323?s=96&d=mm&r=g\",\"caption\":\"INCIE\"},\"sameAs\":[\"https:\\\/\\\/incie.org\\\/latam\"],\"url\":\"https:\\\/\\\/incie.org\\\/latam\\\/author\\\/admin21\\\/\"}]}<\/script>\n<!-- \/ Yoast SEO plugin. -->","yoast_head_json":{"title":"Nuevas habilidades para priorizar para contrataci\u00f3n de personal - Instituto para la competitividad, Innovaci\u00f3n y Desarrollo Empresarial","robots":{"index":"index","follow":"follow","max-snippet":"max-snippet:-1","max-image-preview":"max-image-preview:large","max-video-preview":"max-video-preview:-1"},"canonical":"https:\/\/incie.org\/latam\/nuevas-habilidades-para-priorizar-para-contratacion-de-personal\/","og_locale":"es_ES","og_type":"article","og_title":"Nuevas habilidades para priorizar para contrataci\u00f3n de personal - Instituto para la competitividad, Innovaci\u00f3n y Desarrollo Empresarial","og_description":"Los encargados de contrataciones est\u00e1n cambiando su enfoque de contrataci\u00f3n\u2026","og_url":"https:\/\/incie.org\/latam\/nuevas-habilidades-para-priorizar-para-contratacion-de-personal\/","og_site_name":"Instituto para la competitividad, Innovaci\u00f3n y Desarrollo Empresarial","article_published_time":"2022-04-02T22:08:57+00:00","article_modified_time":"2022-04-02T22:32:17+00:00","og_image":[{"width":720,"height":316,"url":"https:\/\/incie.org\/latam\/wp-content\/uploads\/2022\/04\/n006.jpg","type":"image\/jpeg"}],"author":"INCIE","twitter_card":"summary_large_image","twitter_misc":{"Escrito por":"INCIE","Tiempo de lectura":"4 minutos"},"schema":{"@context":"https:\/\/schema.org","@graph":[{"@type":"Article","@id":"https:\/\/incie.org\/latam\/nuevas-habilidades-para-priorizar-para-contratacion-de-personal\/#article","isPartOf":{"@id":"https:\/\/incie.org\/latam\/nuevas-habilidades-para-priorizar-para-contratacion-de-personal\/"},"author":{"name":"INCIE","@id":"https:\/\/incie.org\/latam\/#\/schema\/person\/e9139cdf7139a97e03d7cea281ff8c84"},"headline":"Nuevas habilidades para priorizar para contrataci\u00f3n de personal","datePublished":"2022-04-02T22:08:57+00:00","dateModified":"2022-04-02T22:32:17+00:00","mainEntityOfPage":{"@id":"https:\/\/incie.org\/latam\/nuevas-habilidades-para-priorizar-para-contratacion-de-personal\/"},"wordCount":930,"publisher":{"@id":"https:\/\/incie.org\/latam\/#organization"},"image":{"@id":"https:\/\/incie.org\/latam\/nuevas-habilidades-para-priorizar-para-contratacion-de-personal\/#primaryimage"},"thumbnailUrl":"https:\/\/i0.wp.com\/incie.org\/latam\/wp-content\/uploads\/2022\/04\/n006.jpg?fit=720%2C316&ssl=1","articleSection":["Blog","Competitividad","Econom\u00eda y Finanzas"],"inLanguage":"es"},{"@type":"WebPage","@id":"https:\/\/incie.org\/latam\/nuevas-habilidades-para-priorizar-para-contratacion-de-personal\/","url":"https:\/\/incie.org\/latam\/nuevas-habilidades-para-priorizar-para-contratacion-de-personal\/","name":"Nuevas habilidades para priorizar para contrataci\u00f3n de personal - Instituto para la competitividad, Innovaci\u00f3n y Desarrollo Empresarial","isPartOf":{"@id":"https:\/\/incie.org\/latam\/#website"},"primaryImageOfPage":{"@id":"https:\/\/incie.org\/latam\/nuevas-habilidades-para-priorizar-para-contratacion-de-personal\/#primaryimage"},"image":{"@id":"https:\/\/incie.org\/latam\/nuevas-habilidades-para-priorizar-para-contratacion-de-personal\/#primaryimage"},"thumbnailUrl":"https:\/\/i0.wp.com\/incie.org\/latam\/wp-content\/uploads\/2022\/04\/n006.jpg?fit=720%2C316&ssl=1","datePublished":"2022-04-02T22:08:57+00:00","dateModified":"2022-04-02T22:32:17+00:00","breadcrumb":{"@id":"https:\/\/incie.org\/latam\/nuevas-habilidades-para-priorizar-para-contratacion-de-personal\/#breadcrumb"},"inLanguage":"es","potentialAction":[{"@type":"ReadAction","target":["https:\/\/incie.org\/latam\/nuevas-habilidades-para-priorizar-para-contratacion-de-personal\/"]}]},{"@type":"ImageObject","inLanguage":"es","@id":"https:\/\/incie.org\/latam\/nuevas-habilidades-para-priorizar-para-contratacion-de-personal\/#primaryimage","url":"https:\/\/i0.wp.com\/incie.org\/latam\/wp-content\/uploads\/2022\/04\/n006.jpg?fit=720%2C316&ssl=1","contentUrl":"https:\/\/i0.wp.com\/incie.org\/latam\/wp-content\/uploads\/2022\/04\/n006.jpg?fit=720%2C316&ssl=1","width":720,"height":316},{"@type":"BreadcrumbList","@id":"https:\/\/incie.org\/latam\/nuevas-habilidades-para-priorizar-para-contratacion-de-personal\/#breadcrumb","itemListElement":[{"@type":"ListItem","position":1,"name":"Home","item":"https:\/\/incie.org\/latam\/"},{"@type":"ListItem","position":2,"name":"Nuevas habilidades para priorizar para contrataci\u00f3n de personal"}]},{"@type":"WebSite","@id":"https:\/\/incie.org\/latam\/#website","url":"https:\/\/incie.org\/latam\/","name":"Instituto para la competitividad, Innovaci\u00f3n y Desarrollo Empresarial","description":"","publisher":{"@id":"https:\/\/incie.org\/latam\/#organization"},"potentialAction":[{"@type":"SearchAction","target":{"@type":"EntryPoint","urlTemplate":"https:\/\/incie.org\/latam\/?s={search_term_string}"},"query-input":{"@type":"PropertyValueSpecification","valueRequired":true,"valueName":"search_term_string"}}],"inLanguage":"es"},{"@type":"Organization","@id":"https:\/\/incie.org\/latam\/#organization","name":"Instituto para la competitividad, Innovaci\u00f3n y Desarrollo Empresarial","url":"https:\/\/incie.org\/latam\/","logo":{"@type":"ImageObject","inLanguage":"es","@id":"https:\/\/incie.org\/latam\/#\/schema\/logo\/image\/","url":"https:\/\/i0.wp.com\/incie.org\/latam\/wp-content\/uploads\/2025\/12\/cropped-LOGOO-INCIE-AZUL-01-P.png?fit=185%2C45&ssl=1","contentUrl":"https:\/\/i0.wp.com\/incie.org\/latam\/wp-content\/uploads\/2025\/12\/cropped-LOGOO-INCIE-AZUL-01-P.png?fit=185%2C45&ssl=1","width":185,"height":45,"caption":"Instituto para la competitividad, Innovaci\u00f3n y Desarrollo Empresarial"},"image":{"@id":"https:\/\/incie.org\/latam\/#\/schema\/logo\/image\/"}},{"@type":"Person","@id":"https:\/\/incie.org\/latam\/#\/schema\/person\/e9139cdf7139a97e03d7cea281ff8c84","name":"INCIE","image":{"@type":"ImageObject","inLanguage":"es","@id":"https:\/\/secure.gravatar.com\/avatar\/d75ba7229f3760c205c8944c98205e61cd3ca6979667021fb642852fee0e6323?s=96&d=mm&r=g","url":"https:\/\/secure.gravatar.com\/avatar\/d75ba7229f3760c205c8944c98205e61cd3ca6979667021fb642852fee0e6323?s=96&d=mm&r=g","contentUrl":"https:\/\/secure.gravatar.com\/avatar\/d75ba7229f3760c205c8944c98205e61cd3ca6979667021fb642852fee0e6323?s=96&d=mm&r=g","caption":"INCIE"},"sameAs":["https:\/\/incie.org\/latam"],"url":"https:\/\/incie.org\/latam\/author\/admin21\/"}]}},"jetpack_featured_media_url":"https:\/\/i0.wp.com\/incie.org\/latam\/wp-content\/uploads\/2022\/04\/n006.jpg?fit=720%2C316&ssl=1","jetpack_sharing_enabled":true,"_links":{"self":[{"href":"https:\/\/incie.org\/latam\/wp-json\/wp\/v2\/posts\/1396","targetHints":{"allow":["GET"]}}],"collection":[{"href":"https:\/\/incie.org\/latam\/wp-json\/wp\/v2\/posts"}],"about":[{"href":"https:\/\/incie.org\/latam\/wp-json\/wp\/v2\/types\/post"}],"author":[{"embeddable":true,"href":"https:\/\/incie.org\/latam\/wp-json\/wp\/v2\/users\/1"}],"replies":[{"embeddable":true,"href":"https:\/\/incie.org\/latam\/wp-json\/wp\/v2\/comments?post=1396"}],"version-history":[{"count":6,"href":"https:\/\/incie.org\/latam\/wp-json\/wp\/v2\/posts\/1396\/revisions"}],"predecessor-version":[{"id":1411,"href":"https:\/\/incie.org\/latam\/wp-json\/wp\/v2\/posts\/1396\/revisions\/1411"}],"wp:featuredmedia":[{"embeddable":true,"href":"https:\/\/incie.org\/latam\/wp-json\/wp\/v2\/media\/1397"}],"wp:attachment":[{"href":"https:\/\/incie.org\/latam\/wp-json\/wp\/v2\/media?parent=1396"}],"wp:term":[{"taxonomy":"category","embeddable":true,"href":"https:\/\/incie.org\/latam\/wp-json\/wp\/v2\/categories?post=1396"},{"taxonomy":"post_tag","embeddable":true,"href":"https:\/\/incie.org\/latam\/wp-json\/wp\/v2\/tags?post=1396"}],"curies":[{"name":"wp","href":"https:\/\/api.w.org\/{rel}","templated":true}]}}